{"id":46668,"date":"2024-11-18T16:20:44","date_gmt":"2024-11-18T14:20:44","guid":{"rendered":"https:\/\/bs2.lt\/uncategorized-lt\/penki-kontinentai-group-poluchila-blagodarnost-ot-odnoy-iz-krupneyshih-nepravitelstvennyh-organizaciy-litvy\/"},"modified":"2024-11-18T16:45:03","modified_gmt":"2024-11-18T14:45:03","slug":"penkiu-kontinentu-grupe-sulauke-vienos-didziausiu-nevyriausybiniu-lietuvos-organizaciju-padekos","status":"publish","type":"post","link":"https:\/\/bs2.lt\/lt\/naujienos-apie-imone\/penkiu-kontinentu-grupe-sulauke-vienos-didziausiu-nevyriausybiniu-lietuvos-organizaciju-padekos\/","title":{"rendered":"\u201ePenki\u0173 kontinent\u0173\u201c grup\u0117 sulauk\u0117 vienos did\u017eiausi\u0173 nevyriausybini\u0173 Lietuvos organizacij\u0173 pad\u0117kos"},"content":{"rendered":"<p><!--more--><\/p>\n<p>\u0160iais metais Lietuvos sutrikusio intelekto \u017emoni\u0173 globos bendrija \u201eViltis\u201c mini savo veiklos 35-eri\u0173 met\u0173 jubiliej\u0173. \u0160ia proga Vilniuje, Valdov\u0173 r\u016bmuose, vyko \u0161ventin\u0117 konferencija. Renginyje dalyvavo valstybini\u0173 institucij\u0173 atstovai, socialiniai darbuotojai, partneriai ir bendrijos draugai.<\/p>\n<p>Ypatingas d\u0117mesys buvo skirtas bendrijos \u012fk\u016br\u0117jai bei ilgametei vadovei Danai Migaliovai. Lietuvos Respublikos prezidentas Gitanas Naus\u0117da jai \u012fteik\u0117 Lietuvos Did\u017eiojo Kunigaik\u0161\u010dio Gedimino ordino medal\u012f u\u017e nuopelnus \u0161aliai.<\/p>\n<p>Sveikindamas susirinkusiuosius, Prezidentas tar\u0117:<\/p>\n<blockquote><p>I\u0161 ties\u0173 \u012fsp\u016bdinga, kad J\u016bs\u0173 bendruomen\u0117 taip anksti suprato, jog sutelktos bendramin\u010di\u0173 pastangos \u2013 galinga j\u0117ga, galinti pakeisti \u017emoni\u0173 likimus. Nepriklausomyb\u0117s i\u0161vakar\u0117se stoj\u0119 \u012f kov\u0105 u\u017e savo vaik\u0173 teis\u0119 kokybi\u0161kai gyventi ir jaustis visaver\u010diais visuomen\u0117s nariais, iki \u0161iol nenuleid\u017eiate rank\u0173.<\/p><\/blockquote>\n<div id='gallery-1' class='gallery galleryid-46668 gallery-columns-4 gallery-size-medium'><figure class='gallery-item'>\n\t\t\t<div class='gallery-icon landscape'>\n\t\t\t\t<a href='https:\/\/bs2.lt\/wp-content\/uploads\/2024\/11\/3-original_rdackus_dsc_8068.jpg' title=\"\" data-rl_title=\"\" class=\"rl-gallery-link\" data-rl_caption=\"\" data-rel=\"lightbox-gallery-1\"><img loading=\"lazy\" decoding=\"async\" width=\"300\" height=\"200\" src=\"https:\/\/bs2.lt\/wp-content\/uploads\/2024\/11\/3-original_rdackus_dsc_8068-300x200.jpg\" class=\"attachment-medium size-medium\" alt=\"\" srcset=\"https:\/\/bs2.lt\/wp-content\/uploads\/2024\/11\/3-original_rdackus_dsc_8068-300x200.jpg 300w, https:\/\/bs2.lt\/wp-content\/uploads\/2024\/11\/3-original_rdackus_dsc_8068-1024x683.jpg 1024w, https:\/\/bs2.lt\/wp-content\/uploads\/2024\/11\/3-original_rdackus_dsc_8068-768x512.jpg 768w, https:\/\/bs2.lt\/wp-content\/uploads\/2024\/11\/3-original_rdackus_dsc_8068-1536x1024.jpg 1536w, https:\/\/bs2.lt\/wp-content\/uploads\/2024\/11\/3-original_rdackus_dsc_8068-380x253.jpg 380w, https:\/\/bs2.lt\/wp-content\/uploads\/2024\/11\/3-original_rdackus_dsc_8068-690x460.jpg 690w, https:\/\/bs2.lt\/wp-content\/uploads\/2024\/11\/3-original_rdackus_dsc_8068-280x187.jpg 280w, https:\/\/bs2.lt\/wp-content\/uploads\/2024\/11\/3-original_rdackus_dsc_8068-190x127.jpg 190w, https:\/\/bs2.lt\/wp-content\/uploads\/2024\/11\/3-original_rdackus_dsc_8068-290x193.jpg 290w, https:\/\/bs2.lt\/wp-content\/uploads\/2024\/11\/3-original_rdackus_dsc_8068.jpg 1920w\" sizes=\"auto, (max-width: 300px) 100vw, 300px\" \/><\/a>\n\t\t\t<\/div><\/figure><figure class='gallery-item'>\n\t\t\t<div class='gallery-icon landscape'>\n\t\t\t\t<a href='https:\/\/bs2.lt\/wp-content\/uploads\/2024\/11\/06.jpg' title=\"\" data-rl_title=\"\" class=\"rl-gallery-link\" data-rl_caption=\"\" data-rel=\"lightbox-gallery-1\"><img loading=\"lazy\" decoding=\"async\" width=\"300\" height=\"199\" src=\"https:\/\/bs2.lt\/wp-content\/uploads\/2024\/11\/06-300x199.jpg\" class=\"attachment-medium size-medium\" alt=\"\" srcset=\"https:\/\/bs2.lt\/wp-content\/uploads\/2024\/11\/06-300x199.jpg 300w, https:\/\/bs2.lt\/wp-content\/uploads\/2024\/11\/06-1024x680.jpg 1024w, https:\/\/bs2.lt\/wp-content\/uploads\/2024\/11\/06-768x510.jpg 768w, https:\/\/bs2.lt\/wp-content\/uploads\/2024\/11\/06-1536x1019.jpg 1536w, https:\/\/bs2.lt\/wp-content\/uploads\/2024\/11\/06-2048x1359.jpg 2048w, https:\/\/bs2.lt\/wp-content\/uploads\/2024\/11\/06-380x252.jpg 380w, https:\/\/bs2.lt\/wp-content\/uploads\/2024\/11\/06-693x460.jpg 693w, https:\/\/bs2.lt\/wp-content\/uploads\/2024\/11\/06-280x186.jpg 280w, https:\/\/bs2.lt\/wp-content\/uploads\/2024\/11\/06-190x126.jpg 190w, https:\/\/bs2.lt\/wp-content\/uploads\/2024\/11\/06-290x192.jpg 290w\" sizes=\"auto, (max-width: 300px) 100vw, 300px\" \/><\/a>\n\t\t\t<\/div><\/figure><figure class='gallery-item'>\n\t\t\t<div class='gallery-icon landscape'>\n\t\t\t\t<a href='https:\/\/bs2.lt\/wp-content\/uploads\/2024\/11\/img_3575.jpg' title=\"\" data-rl_title=\"\" class=\"rl-gallery-link\" data-rl_caption=\"\" data-rel=\"lightbox-gallery-1\"><img loading=\"lazy\" decoding=\"async\" width=\"300\" height=\"200\" src=\"https:\/\/bs2.lt\/wp-content\/uploads\/2024\/11\/img_3575-300x200.jpg\" class=\"attachment-medium size-medium\" alt=\"\" srcset=\"https:\/\/bs2.lt\/wp-content\/uploads\/2024\/11\/img_3575-300x200.jpg 300w, https:\/\/bs2.lt\/wp-content\/uploads\/2024\/11\/img_3575-1024x683.jpg 1024w, https:\/\/bs2.lt\/wp-content\/uploads\/2024\/11\/img_3575-768x512.jpg 768w, https:\/\/bs2.lt\/wp-content\/uploads\/2024\/11\/img_3575-1536x1024.jpg 1536w, https:\/\/bs2.lt\/wp-content\/uploads\/2024\/11\/img_3575-2048x1365.jpg 2048w, https:\/\/bs2.lt\/wp-content\/uploads\/2024\/11\/img_3575-380x253.jpg 380w, https:\/\/bs2.lt\/wp-content\/uploads\/2024\/11\/img_3575-690x460.jpg 690w, https:\/\/bs2.lt\/wp-content\/uploads\/2024\/11\/img_3575-280x187.jpg 280w, https:\/\/bs2.lt\/wp-content\/uploads\/2024\/11\/img_3575-190x127.jpg 190w, https:\/\/bs2.lt\/wp-content\/uploads\/2024\/11\/img_3575-290x193.jpg 290w\" sizes=\"auto, (max-width: 300px) 100vw, 300px\" \/><\/a>\n\t\t\t<\/div><\/figure><figure class='gallery-item'>\n\t\t\t<div class='gallery-icon landscape'>\n\t\t\t\t<a href='https:\/\/bs2.lt\/wp-content\/uploads\/2024\/11\/2_img_3770.jpg' title=\"\" data-rl_title=\"\" class=\"rl-gallery-link\" data-rl_caption=\"\" data-rel=\"lightbox-gallery-1\"><img loading=\"lazy\" decoding=\"async\" width=\"300\" height=\"200\" src=\"https:\/\/bs2.lt\/wp-content\/uploads\/2024\/11\/2_img_3770-300x200.jpg\" class=\"attachment-medium size-medium\" alt=\"\" srcset=\"https:\/\/bs2.lt\/wp-content\/uploads\/2024\/11\/2_img_3770-300x200.jpg 300w, https:\/\/bs2.lt\/wp-content\/uploads\/2024\/11\/2_img_3770-1024x683.jpg 1024w, https:\/\/bs2.lt\/wp-content\/uploads\/2024\/11\/2_img_3770-768x512.jpg 768w, https:\/\/bs2.lt\/wp-content\/uploads\/2024\/11\/2_img_3770-1536x1024.jpg 1536w, https:\/\/bs2.lt\/wp-content\/uploads\/2024\/11\/2_img_3770-2048x1365.jpg 2048w, https:\/\/bs2.lt\/wp-content\/uploads\/2024\/11\/2_img_3770-380x253.jpg 380w, https:\/\/bs2.lt\/wp-content\/uploads\/2024\/11\/2_img_3770-690x460.jpg 690w, https:\/\/bs2.lt\/wp-content\/uploads\/2024\/11\/2_img_3770-280x187.jpg 280w, https:\/\/bs2.lt\/wp-content\/uploads\/2024\/11\/2_img_3770-190x127.jpg 190w, https:\/\/bs2.lt\/wp-content\/uploads\/2024\/11\/2_img_3770-290x193.jpg 290w\" sizes=\"auto, (max-width: 300px) 100vw, 300px\" \/><\/a>\n\t\t\t<\/div><\/figure>\n\t\t<\/div>\n\n<p>Pasveikinti bendrijos atvyko ir kiti oficial\u016bs asmenys: LR socialin\u0117s apsaugos ir darbo ministr\u0117 Justina Jak\u0161tien\u0117, Trak\u0173 rajono savivaldyb\u0117s meras Andrius \u0160atevi\u010dius, Asmens su negalia teisi\u0173 apsaugos agent\u016bros direktor\u0117 Egl\u0117 \u010caplikien\u0117, Lietuvos socialini\u0173 darbuotoj\u0173 asociacijos prezident\u0117 J\u016brat\u0117 Tama\u0161auskien\u0117 bei kiti.<\/p>\n<p>Tarp kviestini\u0173 sve\u010di\u0173 renginyje dalyvavo ir \u012fmoni\u0173 grup\u0117s \u201ePenki kontinentai\u201c, kuri daugiau nei 15 met\u0173 aktyviai bendradarbiauja su \u201eViltimi\u201c, atstovai.<\/p>\n<p>BS\/2 Operacin\u0117s veiklos vadov\u0117 Auks\u0117 Glavinskien\u0117 pasveikino bendrij\u0105 grup\u0117s vardu, \u012fteikdama simbolin\u0119 statul\u0117l\u0119 ir g\u0117li\u0173 puok\u0161t\u0119:<\/p>\n<blockquote><p>Mums didel\u0117 garb\u0117 b\u016bti \u201eVilties\u201c bendrijos bi\u010diuliais. Matome did\u017eiul\u012f j\u0173 nor\u0105 pad\u0117ti kitiems, pad\u0117ti kurti geresnes s\u0105lygas \u017emon\u0117ms su negalia. Galime pasimokyti i\u0161 bendrijos nari\u0173 u\u017esispyrimo ir kantryb\u0117s, kuri\u0173 reikia visiems, atkakliai siekiantiems savo tiksl\u0173.<\/p><\/blockquote>\n<div id='gallery-2' class='gallery galleryid-46668 gallery-columns-1 gallery-size-full'><figure class='gallery-item'>\n\t\t\t<div class='gallery-icon landscape'>\n\t\t\t\t<a href='https:\/\/bs2.lt\/wp-content\/uploads\/2024\/11\/05_img_3727.jpg' title=\"\" data-rl_title=\"\" class=\"rl-gallery-link\" data-rl_caption=\"\" data-rel=\"lightbox-gallery-2\"><img loading=\"lazy\" decoding=\"async\" width=\"2400\" height=\"1600\" src=\"https:\/\/bs2.lt\/wp-content\/uploads\/2024\/11\/05_img_3727.jpg\" class=\"attachment-full size-full\" alt=\"\" srcset=\"https:\/\/bs2.lt\/wp-content\/uploads\/2024\/11\/05_img_3727.jpg 2400w, https:\/\/bs2.lt\/wp-content\/uploads\/2024\/11\/05_img_3727-300x200.jpg 300w, https:\/\/bs2.lt\/wp-content\/uploads\/2024\/11\/05_img_3727-1024x683.jpg 1024w, https:\/\/bs2.lt\/wp-content\/uploads\/2024\/11\/05_img_3727-768x512.jpg 768w, https:\/\/bs2.lt\/wp-content\/uploads\/2024\/11\/05_img_3727-1536x1024.jpg 1536w, https:\/\/bs2.lt\/wp-content\/uploads\/2024\/11\/05_img_3727-2048x1365.jpg 2048w, https:\/\/bs2.lt\/wp-content\/uploads\/2024\/11\/05_img_3727-380x253.jpg 380w, https:\/\/bs2.lt\/wp-content\/uploads\/2024\/11\/05_img_3727-690x460.jpg 690w, https:\/\/bs2.lt\/wp-content\/uploads\/2024\/11\/05_img_3727-280x187.jpg 280w, https:\/\/bs2.lt\/wp-content\/uploads\/2024\/11\/05_img_3727-190x127.jpg 190w, https:\/\/bs2.lt\/wp-content\/uploads\/2024\/11\/05_img_3727-290x193.jpg 290w\" sizes=\"auto, (max-width: 2400px) 100vw, 2400px\" \/><\/a>\n\t\t\t<\/div><\/figure>\n\t\t<\/div>\n\n<h2>Ilgalaik\u0117 partneryst\u0117 ir parama<\/h2>\n<p>\u012emoni\u0173 grup\u0117 \u201ePenki kontinentai\u201c teikia bendrijai \u201eViltis\u201c finansin\u0119 param\u0105, kasmet \u00a0dalyvauja\u00a0 bendrijos Draugyst\u0117s ir kaimynyst\u0117s \u0161vent\u0117je, kvie\u010diasi \u012f sve\u010dius \u201eKavos galios\u201c automobil\u012f, kuriame negali\u0105 turintys jaunuoliai verda kav\u0105 ir arbat\u0105, taip m\u0117gindami integruotis \u012f visuomen\u0119.<\/p>\n<p>BS\/2, priklausanti \u012fmoni\u0173 grupei \u201ePenki kontinentai\u201c, did\u017eiuojasi, gal\u0117dama prisid\u0117ti prie \u0161ios kilnios misijos. Bendrov\u0117 yra pasirengusi ir toliau remti \u201eVilties\u201c pastangas kurti \u012ftraukesn\u0119 visuomen\u0119.<\/p>\n<p><strong>Apie Viltis<\/strong><\/p>\n<p>\u201eViltis\u201c \u2013 viena \u017einomiausi\u0173 ir did\u017eiausi\u0173 Lietuvos nevyriausybini\u0173 organizacij\u0173, sub\u016brusi daugiau nei 10 t\u016bkst. nari\u0173 \u2013 sutrikusios raidos vaik\u0173, jaunuoli\u0173 ir suaugusi\u0173j\u0173, j\u0173 \u0161eimos nari\u0173, glob\u0117j\u0173 bei specialist\u0173 bendruomen\u0119.<\/p>\n","protected":false},"excerpt":{"rendered":"","protected":false},"author":19,"featured_media":46602,"comment_status":"closed","ping_status":"closed","sticky":false,"template":"","format":"standard","meta":{"_acf_changed":false,"inline_featured_image":false,"footnotes":""},"categories":[18],"tags":[],"news_author":[],"class_list":["post-46668","post","type-post","status-publish","format-standard","has-post-thumbnail","hentry","category-naujienos-apie-imone"],"acf":[],"yoast_head":"<!-- This site is optimized with the Yoast SEO plugin v26.2 - https:\/\/yoast.com\/wordpress\/plugins\/seo\/ -->\n<title>\u201ePenki\u0173 kontinent\u0173\u201c grup\u0117 sulauk\u0117 vienos did\u017eiausi\u0173 nevyriausybini\u0173 Lietuvos organizacij\u0173 pad\u0117kos | BS\/2<\/title>\n<meta name=\"description\" content=\"\u0160iais metais Lietuvos sutrikusio intelekto \u017emoni\u0173 globos bendrija \u201eViltis\u201c mini savo veiklos 35-eri\u0173 met\u0173 jubiliej\u0173. \u0160ia proga Vilniuje, Valdov\u0173 r\u016bmuose, vyko \u0161ventin\u0117 konferencija. Renginyje dalyvavo valstybini\u0173 institucij\u0173 atstovai, socialiniai darbuotojai, partneriai ir bendrijos draugai.\" \/>\n<meta name=\"robots\" content=\"index, follow, max-snippet:-1, max-image-preview:large, max-video-preview:-1\" \/>\n<link rel=\"canonical\" href=\"https:\/\/bs2.lt\/lt\/naujienos-apie-imone\/penkiu-kontinentu-grupe-sulauke-vienos-didziausiu-nevyriausybiniu-lietuvos-organizaciju-padekos\/\" \/>\n<meta property=\"og:locale\" content=\"lt_LT\" \/>\n<meta property=\"og:type\" content=\"article\" \/>\n<meta property=\"og:title\" content=\"\u201ePenki\u0173 kontinent\u0173\u201c grup\u0117 sulauk\u0117 vienos did\u017eiausi\u0173 nevyriausybini\u0173 Lietuvos organizacij\u0173 pad\u0117kos | BS\/2\" \/>\n<meta property=\"og:description\" content=\"\u0160iais metais Lietuvos sutrikusio intelekto \u017emoni\u0173 globos bendrija \u201eViltis\u201c mini savo veiklos 35-eri\u0173 met\u0173 jubiliej\u0173. \u0160ia proga Vilniuje, Valdov\u0173 r\u016bmuose, vyko \u0161ventin\u0117 konferencija. Renginyje dalyvavo valstybini\u0173 institucij\u0173 atstovai, socialiniai darbuotojai, partneriai ir bendrijos draugai.\" \/>\n<meta property=\"og:url\" content=\"https:\/\/bs2.lt\/lt\/naujienos-apie-imone\/penkiu-kontinentu-grupe-sulauke-vienos-didziausiu-nevyriausybiniu-lietuvos-organizaciju-padekos\/\" \/>\n<meta property=\"og:site_name\" content=\"BS\/2\" \/>\n<meta property=\"article:publisher\" content=\"https:\/\/www.facebook.com\/bs2solutions\/\" \/>\n<meta property=\"article:published_time\" content=\"2024-11-18T14:20:44+00:00\" \/>\n<meta property=\"article:modified_time\" content=\"2024-11-18T14:45:03+00:00\" \/>\n<meta property=\"og:image\" content=\"https:\/\/bs2.lt\/wp-content\/uploads\/2024\/11\/img_3433-e1731938968206.jpg\" \/>\n\t<meta property=\"og:image:width\" content=\"2400\" \/>\n\t<meta property=\"og:image:height\" content=\"1600\" \/>\n\t<meta property=\"og:image:type\" content=\"image\/jpeg\" \/>\n<meta name=\"author\" content=\"Tatsiana Kryhina\" \/>\n<meta name=\"twitter:card\" content=\"summary_large_image\" \/>\n<meta name=\"twitter:label1\" content=\"Written by\" \/>\n\t<meta name=\"twitter:data1\" content=\"Tatsiana Kryhina\" \/>\n\t<meta name=\"twitter:label2\" content=\"Est. reading time\" \/>\n\t<meta name=\"twitter:data2\" content=\"2 minut\u0117s\" \/>\n<script type=\"application\/ld+json\" class=\"yoast-schema-graph\">{\"@context\":\"https:\/\/schema.org\",\"@graph\":[{\"@type\":\"Article\",\"@id\":\"https:\/\/bs2.lt\/lt\/naujienos-apie-imone\/penkiu-kontinentu-grupe-sulauke-vienos-didziausiu-nevyriausybiniu-lietuvos-organizaciju-padekos\/#article\",\"isPartOf\":{\"@id\":\"https:\/\/bs2.lt\/lt\/naujienos-apie-imone\/penkiu-kontinentu-grupe-sulauke-vienos-didziausiu-nevyriausybiniu-lietuvos-organizaciju-padekos\/\"},\"author\":{\"name\":\"Tatsiana Kryhina\",\"@id\":\"https:\/\/bs2.lt\/#\/schema\/person\/30895e31445065b8dbaf508915890da9\"},\"headline\":\"\u201ePenki\u0173 kontinent\u0173\u201c grup\u0117 sulauk\u0117 vienos did\u017eiausi\u0173 nevyriausybini\u0173 Lietuvos organizacij\u0173 pad\u0117kos\",\"datePublished\":\"2024-11-18T14:20:44+00:00\",\"dateModified\":\"2024-11-18T14:45:03+00:00\",\"mainEntityOfPage\":{\"@id\":\"https:\/\/bs2.lt\/lt\/naujienos-apie-imone\/penkiu-kontinentu-grupe-sulauke-vienos-didziausiu-nevyriausybiniu-lietuvos-organizaciju-padekos\/\"},\"wordCount\":379,\"publisher\":{\"@id\":\"https:\/\/bs2.lt\/#organization\"},\"image\":{\"@id\":\"https:\/\/bs2.lt\/lt\/naujienos-apie-imone\/penkiu-kontinentu-grupe-sulauke-vienos-didziausiu-nevyriausybiniu-lietuvos-organizaciju-padekos\/#primaryimage\"},\"thumbnailUrl\":\"https:\/\/bs2.lt\/wp-content\/uploads\/2024\/11\/img_3433-e1731938968206.jpg\",\"articleSection\":[\"Naujienos apie \u012fmon\u0119\"],\"inLanguage\":\"lt-LT\"},{\"@type\":\"WebPage\",\"@id\":\"https:\/\/bs2.lt\/lt\/naujienos-apie-imone\/penkiu-kontinentu-grupe-sulauke-vienos-didziausiu-nevyriausybiniu-lietuvos-organizaciju-padekos\/\",\"url\":\"https:\/\/bs2.lt\/lt\/naujienos-apie-imone\/penkiu-kontinentu-grupe-sulauke-vienos-didziausiu-nevyriausybiniu-lietuvos-organizaciju-padekos\/\",\"name\":\"\u201ePenki\u0173 kontinent\u0173\u201c grup\u0117 sulauk\u0117 vienos did\u017eiausi\u0173 nevyriausybini\u0173 Lietuvos organizacij\u0173 pad\u0117kos | BS\/2\",\"isPartOf\":{\"@id\":\"https:\/\/bs2.lt\/#website\"},\"primaryImageOfPage\":{\"@id\":\"https:\/\/bs2.lt\/lt\/naujienos-apie-imone\/penkiu-kontinentu-grupe-sulauke-vienos-didziausiu-nevyriausybiniu-lietuvos-organizaciju-padekos\/#primaryimage\"},\"image\":{\"@id\":\"https:\/\/bs2.lt\/lt\/naujienos-apie-imone\/penkiu-kontinentu-grupe-sulauke-vienos-didziausiu-nevyriausybiniu-lietuvos-organizaciju-padekos\/#primaryimage\"},\"thumbnailUrl\":\"https:\/\/bs2.lt\/wp-content\/uploads\/2024\/11\/img_3433-e1731938968206.jpg\",\"datePublished\":\"2024-11-18T14:20:44+00:00\",\"dateModified\":\"2024-11-18T14:45:03+00:00\",\"description\":\"\u0160iais metais Lietuvos sutrikusio intelekto \u017emoni\u0173 globos bendrija \u201eViltis\u201c mini savo veiklos 35-eri\u0173 met\u0173 jubiliej\u0173. \u0160ia proga Vilniuje, Valdov\u0173 r\u016bmuose, vyko \u0161ventin\u0117 konferencija. Renginyje dalyvavo valstybini\u0173 institucij\u0173 atstovai, socialiniai darbuotojai, partneriai ir bendrijos draugai.\",\"breadcrumb\":{\"@id\":\"https:\/\/bs2.lt\/lt\/naujienos-apie-imone\/penkiu-kontinentu-grupe-sulauke-vienos-didziausiu-nevyriausybiniu-lietuvos-organizaciju-padekos\/#breadcrumb\"},\"inLanguage\":\"lt-LT\",\"potentialAction\":[{\"@type\":\"ReadAction\",\"target\":[\"https:\/\/bs2.lt\/lt\/naujienos-apie-imone\/penkiu-kontinentu-grupe-sulauke-vienos-didziausiu-nevyriausybiniu-lietuvos-organizaciju-padekos\/\"]}]},{\"@type\":\"ImageObject\",\"inLanguage\":\"lt-LT\",\"@id\":\"https:\/\/bs2.lt\/lt\/naujienos-apie-imone\/penkiu-kontinentu-grupe-sulauke-vienos-didziausiu-nevyriausybiniu-lietuvos-organizaciju-padekos\/#primaryimage\",\"url\":\"https:\/\/bs2.lt\/wp-content\/uploads\/2024\/11\/img_3433-e1731938968206.jpg\",\"contentUrl\":\"https:\/\/bs2.lt\/wp-content\/uploads\/2024\/11\/img_3433-e1731938968206.jpg\",\"width\":2400,\"height\":1600},{\"@type\":\"BreadcrumbList\",\"@id\":\"https:\/\/bs2.lt\/lt\/naujienos-apie-imone\/penkiu-kontinentu-grupe-sulauke-vienos-didziausiu-nevyriausybiniu-lietuvos-organizaciju-padekos\/#breadcrumb\",\"itemListElement\":[{\"@type\":\"ListItem\",\"position\":1,\"name\":\"Home\",\"item\":\"https:\/\/bs2.lt\/lt\/\"},{\"@type\":\"ListItem\",\"position\":2,\"name\":\"\u201ePenki\u0173 kontinent\u0173\u201c grup\u0117 sulauk\u0117 vienos did\u017eiausi\u0173 nevyriausybini\u0173 Lietuvos organizacij\u0173 pad\u0117kos\"}]},{\"@type\":\"WebSite\",\"@id\":\"https:\/\/bs2.lt\/#website\",\"url\":\"https:\/\/bs2.lt\/\",\"name\":\"BS\/2\",\"description\":\"Banking and retail technology company\",\"publisher\":{\"@id\":\"https:\/\/bs2.lt\/#organization\"},\"potentialAction\":[{\"@type\":\"SearchAction\",\"target\":{\"@type\":\"EntryPoint\",\"urlTemplate\":\"https:\/\/bs2.lt\/?s={search_term_string}\"},\"query-input\":{\"@type\":\"PropertyValueSpecification\",\"valueRequired\":true,\"valueName\":\"search_term_string\"}}],\"inLanguage\":\"lt-LT\"},{\"@type\":\"Organization\",\"@id\":\"https:\/\/bs2.lt\/#organization\",\"name\":\"BS\/2\",\"url\":\"https:\/\/bs2.lt\/\",\"logo\":{\"@type\":\"ImageObject\",\"inLanguage\":\"lt-LT\",\"@id\":\"https:\/\/bs2.lt\/#\/schema\/logo\/image\/\",\"url\":\"https:\/\/bs2.lt\/wp-content\/uploads\/2022\/08\/bs2-logo.svg\",\"contentUrl\":\"https:\/\/bs2.lt\/wp-content\/uploads\/2022\/08\/bs2-logo.svg\",\"width\":100,\"height\":57,\"caption\":\"BS\/2\"},\"image\":{\"@id\":\"https:\/\/bs2.lt\/#\/schema\/logo\/image\/\"},\"sameAs\":[\"https:\/\/www.facebook.com\/bs2solutions\/\",\"https:\/\/www.linkedin.com\/showcase\/bs2solutions\",\"https:\/\/www.youtube.com\/c\/Bs2Lt\"]},{\"@type\":\"Person\",\"@id\":\"https:\/\/bs2.lt\/#\/schema\/person\/30895e31445065b8dbaf508915890da9\",\"name\":\"Tatsiana Kryhina\",\"image\":{\"@type\":\"ImageObject\",\"inLanguage\":\"lt-LT\",\"@id\":\"https:\/\/bs2.lt\/#\/schema\/person\/image\/\",\"url\":\"https:\/\/secure.gravatar.com\/avatar\/2c5930413634269702d3b5328198c61f126734d31297651ad5b0a2013071ec18?s=96&d=mm&r=g\",\"contentUrl\":\"https:\/\/secure.gravatar.com\/avatar\/2c5930413634269702d3b5328198c61f126734d31297651ad5b0a2013071ec18?s=96&d=mm&r=g\",\"caption\":\"Tatsiana Kryhina\"}}]}<\/script>\n<!-- \/ Yoast SEO plugin. -->","yoast_head_json":{"title":"\u201ePenki\u0173 kontinent\u0173\u201c grup\u0117 sulauk\u0117 vienos did\u017eiausi\u0173 nevyriausybini\u0173 Lietuvos organizacij\u0173 pad\u0117kos | BS\/2","description":"\u0160iais metais Lietuvos sutrikusio intelekto \u017emoni\u0173 globos bendrija \u201eViltis\u201c mini savo veiklos 35-eri\u0173 met\u0173 jubiliej\u0173. \u0160ia proga Vilniuje, Valdov\u0173 r\u016bmuose, vyko \u0161ventin\u0117 konferencija. Renginyje dalyvavo valstybini\u0173 institucij\u0173 atstovai, socialiniai darbuotojai, partneriai ir bendrijos draugai.","robots":{"index":"index","follow":"follow","max-snippet":"max-snippet:-1","max-image-preview":"max-image-preview:large","max-video-preview":"max-video-preview:-1"},"canonical":"https:\/\/bs2.lt\/lt\/naujienos-apie-imone\/penkiu-kontinentu-grupe-sulauke-vienos-didziausiu-nevyriausybiniu-lietuvos-organizaciju-padekos\/","og_locale":"lt_LT","og_type":"article","og_title":"\u201ePenki\u0173 kontinent\u0173\u201c grup\u0117 sulauk\u0117 vienos did\u017eiausi\u0173 nevyriausybini\u0173 Lietuvos organizacij\u0173 pad\u0117kos | BS\/2","og_description":"\u0160iais metais Lietuvos sutrikusio intelekto \u017emoni\u0173 globos bendrija \u201eViltis\u201c mini savo veiklos 35-eri\u0173 met\u0173 jubiliej\u0173. \u0160ia proga Vilniuje, Valdov\u0173 r\u016bmuose, vyko \u0161ventin\u0117 konferencija. Renginyje dalyvavo valstybini\u0173 institucij\u0173 atstovai, socialiniai darbuotojai, partneriai ir bendrijos draugai.","og_url":"https:\/\/bs2.lt\/lt\/naujienos-apie-imone\/penkiu-kontinentu-grupe-sulauke-vienos-didziausiu-nevyriausybiniu-lietuvos-organizaciju-padekos\/","og_site_name":"BS\/2","article_publisher":"https:\/\/www.facebook.com\/bs2solutions\/","article_published_time":"2024-11-18T14:20:44+00:00","article_modified_time":"2024-11-18T14:45:03+00:00","og_image":[{"width":2400,"height":1600,"url":"https:\/\/bs2.lt\/wp-content\/uploads\/2024\/11\/img_3433-e1731938968206.jpg","type":"image\/jpeg"}],"author":"Tatsiana Kryhina","twitter_card":"summary_large_image","twitter_misc":{"Written by":"Tatsiana Kryhina","Est. reading time":"2 minut\u0117s"},"schema":{"@context":"https:\/\/schema.org","@graph":[{"@type":"Article","@id":"https:\/\/bs2.lt\/lt\/naujienos-apie-imone\/penkiu-kontinentu-grupe-sulauke-vienos-didziausiu-nevyriausybiniu-lietuvos-organizaciju-padekos\/#article","isPartOf":{"@id":"https:\/\/bs2.lt\/lt\/naujienos-apie-imone\/penkiu-kontinentu-grupe-sulauke-vienos-didziausiu-nevyriausybiniu-lietuvos-organizaciju-padekos\/"},"author":{"name":"Tatsiana Kryhina","@id":"https:\/\/bs2.lt\/#\/schema\/person\/30895e31445065b8dbaf508915890da9"},"headline":"\u201ePenki\u0173 kontinent\u0173\u201c grup\u0117 sulauk\u0117 vienos did\u017eiausi\u0173 nevyriausybini\u0173 Lietuvos organizacij\u0173 pad\u0117kos","datePublished":"2024-11-18T14:20:44+00:00","dateModified":"2024-11-18T14:45:03+00:00","mainEntityOfPage":{"@id":"https:\/\/bs2.lt\/lt\/naujienos-apie-imone\/penkiu-kontinentu-grupe-sulauke-vienos-didziausiu-nevyriausybiniu-lietuvos-organizaciju-padekos\/"},"wordCount":379,"publisher":{"@id":"https:\/\/bs2.lt\/#organization"},"image":{"@id":"https:\/\/bs2.lt\/lt\/naujienos-apie-imone\/penkiu-kontinentu-grupe-sulauke-vienos-didziausiu-nevyriausybiniu-lietuvos-organizaciju-padekos\/#primaryimage"},"thumbnailUrl":"https:\/\/bs2.lt\/wp-content\/uploads\/2024\/11\/img_3433-e1731938968206.jpg","articleSection":["Naujienos apie \u012fmon\u0119"],"inLanguage":"lt-LT"},{"@type":"WebPage","@id":"https:\/\/bs2.lt\/lt\/naujienos-apie-imone\/penkiu-kontinentu-grupe-sulauke-vienos-didziausiu-nevyriausybiniu-lietuvos-organizaciju-padekos\/","url":"https:\/\/bs2.lt\/lt\/naujienos-apie-imone\/penkiu-kontinentu-grupe-sulauke-vienos-didziausiu-nevyriausybiniu-lietuvos-organizaciju-padekos\/","name":"\u201ePenki\u0173 kontinent\u0173\u201c grup\u0117 sulauk\u0117 vienos did\u017eiausi\u0173 nevyriausybini\u0173 Lietuvos organizacij\u0173 pad\u0117kos | BS\/2","isPartOf":{"@id":"https:\/\/bs2.lt\/#website"},"primaryImageOfPage":{"@id":"https:\/\/bs2.lt\/lt\/naujienos-apie-imone\/penkiu-kontinentu-grupe-sulauke-vienos-didziausiu-nevyriausybiniu-lietuvos-organizaciju-padekos\/#primaryimage"},"image":{"@id":"https:\/\/bs2.lt\/lt\/naujienos-apie-imone\/penkiu-kontinentu-grupe-sulauke-vienos-didziausiu-nevyriausybiniu-lietuvos-organizaciju-padekos\/#primaryimage"},"thumbnailUrl":"https:\/\/bs2.lt\/wp-content\/uploads\/2024\/11\/img_3433-e1731938968206.jpg","datePublished":"2024-11-18T14:20:44+00:00","dateModified":"2024-11-18T14:45:03+00:00","description":"\u0160iais metais Lietuvos sutrikusio intelekto \u017emoni\u0173 globos bendrija \u201eViltis\u201c mini savo veiklos 35-eri\u0173 met\u0173 jubiliej\u0173. \u0160ia proga Vilniuje, Valdov\u0173 r\u016bmuose, vyko \u0161ventin\u0117 konferencija. Renginyje dalyvavo valstybini\u0173 institucij\u0173 atstovai, socialiniai darbuotojai, partneriai ir bendrijos draugai.","breadcrumb":{"@id":"https:\/\/bs2.lt\/lt\/naujienos-apie-imone\/penkiu-kontinentu-grupe-sulauke-vienos-didziausiu-nevyriausybiniu-lietuvos-organizaciju-padekos\/#breadcrumb"},"inLanguage":"lt-LT","potentialAction":[{"@type":"ReadAction","target":["https:\/\/bs2.lt\/lt\/naujienos-apie-imone\/penkiu-kontinentu-grupe-sulauke-vienos-didziausiu-nevyriausybiniu-lietuvos-organizaciju-padekos\/"]}]},{"@type":"ImageObject","inLanguage":"lt-LT","@id":"https:\/\/bs2.lt\/lt\/naujienos-apie-imone\/penkiu-kontinentu-grupe-sulauke-vienos-didziausiu-nevyriausybiniu-lietuvos-organizaciju-padekos\/#primaryimage","url":"https:\/\/bs2.lt\/wp-content\/uploads\/2024\/11\/img_3433-e1731938968206.jpg","contentUrl":"https:\/\/bs2.lt\/wp-content\/uploads\/2024\/11\/img_3433-e1731938968206.jpg","width":2400,"height":1600},{"@type":"BreadcrumbList","@id":"https:\/\/bs2.lt\/lt\/naujienos-apie-imone\/penkiu-kontinentu-grupe-sulauke-vienos-didziausiu-nevyriausybiniu-lietuvos-organizaciju-padekos\/#breadcrumb","itemListElement":[{"@type":"ListItem","position":1,"name":"Home","item":"https:\/\/bs2.lt\/lt\/"},{"@type":"ListItem","position":2,"name":"\u201ePenki\u0173 kontinent\u0173\u201c grup\u0117 sulauk\u0117 vienos did\u017eiausi\u0173 nevyriausybini\u0173 Lietuvos organizacij\u0173 pad\u0117kos"}]},{"@type":"WebSite","@id":"https:\/\/bs2.lt\/#website","url":"https:\/\/bs2.lt\/","name":"BS\/2","description":"Banking and retail technology company","publisher":{"@id":"https:\/\/bs2.lt\/#organization"},"potentialAction":[{"@type":"SearchAction","target":{"@type":"EntryPoint","urlTemplate":"https:\/\/bs2.lt\/?s={search_term_string}"},"query-input":{"@type":"PropertyValueSpecification","valueRequired":true,"valueName":"search_term_string"}}],"inLanguage":"lt-LT"},{"@type":"Organization","@id":"https:\/\/bs2.lt\/#organization","name":"BS\/2","url":"https:\/\/bs2.lt\/","logo":{"@type":"ImageObject","inLanguage":"lt-LT","@id":"https:\/\/bs2.lt\/#\/schema\/logo\/image\/","url":"https:\/\/bs2.lt\/wp-content\/uploads\/2022\/08\/bs2-logo.svg","contentUrl":"https:\/\/bs2.lt\/wp-content\/uploads\/2022\/08\/bs2-logo.svg","width":100,"height":57,"caption":"BS\/2"},"image":{"@id":"https:\/\/bs2.lt\/#\/schema\/logo\/image\/"},"sameAs":["https:\/\/www.facebook.com\/bs2solutions\/","https:\/\/www.linkedin.com\/showcase\/bs2solutions","https:\/\/www.youtube.com\/c\/Bs2Lt"]},{"@type":"Person","@id":"https:\/\/bs2.lt\/#\/schema\/person\/30895e31445065b8dbaf508915890da9","name":"Tatsiana Kryhina","image":{"@type":"ImageObject","inLanguage":"lt-LT","@id":"https:\/\/bs2.lt\/#\/schema\/person\/image\/","url":"https:\/\/secure.gravatar.com\/avatar\/2c5930413634269702d3b5328198c61f126734d31297651ad5b0a2013071ec18?s=96&d=mm&r=g","contentUrl":"https:\/\/secure.gravatar.com\/avatar\/2c5930413634269702d3b5328198c61f126734d31297651ad5b0a2013071ec18?s=96&d=mm&r=g","caption":"Tatsiana Kryhina"}}]}},"_links":{"self":[{"href":"https:\/\/bs2.lt\/lt\/wp-json\/wp\/v2\/posts\/46668","targetHints":{"allow":["GET"]}}],"collection":[{"href":"https:\/\/bs2.lt\/lt\/wp-json\/wp\/v2\/posts"}],"about":[{"href":"https:\/\/bs2.lt\/lt\/wp-json\/wp\/v2\/types\/post"}],"author":[{"embeddable":true,"href":"https:\/\/bs2.lt\/lt\/wp-json\/wp\/v2\/users\/19"}],"replies":[{"embeddable":true,"href":"https:\/\/bs2.lt\/lt\/wp-json\/wp\/v2\/comments?post=46668"}],"version-history":[{"count":2,"href":"https:\/\/bs2.lt\/lt\/wp-json\/wp\/v2\/posts\/46668\/revisions"}],"predecessor-version":[{"id":46670,"href":"https:\/\/bs2.lt\/lt\/wp-json\/wp\/v2\/posts\/46668\/revisions\/46670"}],"wp:featuredmedia":[{"embeddable":true,"href":"https:\/\/bs2.lt\/lt\/wp-json\/wp\/v2\/media\/46602"}],"wp:attachment":[{"href":"https:\/\/bs2.lt\/lt\/wp-json\/wp\/v2\/media?parent=46668"}],"wp:term":[{"taxonomy":"category","embeddable":true,"href":"https:\/\/bs2.lt\/lt\/wp-json\/wp\/v2\/categories?post=46668"},{"taxonomy":"post_tag","embeddable":true,"href":"https:\/\/bs2.lt\/lt\/wp-json\/wp\/v2\/tags?post=46668"},{"taxonomy":"news_author","embeddable":true,"href":"https:\/\/bs2.lt\/lt\/wp-json\/wp\/v2\/news_author?post=46668"}],"curies":[{"name":"wp","href":"https:\/\/api.w.org\/{rel}","templated":true}]}}