{"id":29509,"date":"2022-09-09T09:53:34","date_gmt":"2022-09-09T06:53:34","guid":{"rendered":"https:\/\/bs2.lt\/otkrytiye-it%e2%80%91parka-uzbekistan\/"},"modified":"2022-09-20T16:56:52","modified_gmt":"2022-09-20T13:56:52","slug":"it-parko-atidaryme-penkiu-kontinentu-grupes-valdybos-pirmininkas-susitiko-su-uzbekistano-ministru","status":"publish","type":"post","link":"https:\/\/bs2.lt\/lt\/naujienos-apie-imone\/it-parko-atidaryme-penkiu-kontinentu-grupes-valdybos-pirmininkas-susitiko-su-uzbekistano-ministru\/","title":{"rendered":"IT parko atidaryme \u201ePenki\u0173 kontinent\u0173\u201c grup\u0117s valdybos pirmininkas susitiko su Uzbekistano ministrais"},"content":{"rendered":"<p><!--more--><\/p>\n<p>2022 m. rugpj\u016b\u010dio 27 d. Uzbekistane, Ta\u0161kente, vyko IT parko atidarymas, kuriame dalyvavo ir \u012fmoni\u0173 grup\u0117s \u201ePenki kontinentai\u201c valdybos pirmininkas Idrakas Dada\u0161ovas. \u010cia jis susitiko su Uzbekistano Respublikos ministru pirmininku Abdulla Aripov, informacini\u0173 technologij\u0173 ir ry\u0161i\u0173 pl\u0117tros ministru \u0160erzodu \u0160ermatovu ir su stambi\u0173 tarptautini\u0173 ITT \u012fmoni\u0173 atstovais. Atidaryme taip pat dalyvavo ir Uzbekistano prezidentas \u0160avkatas Mirzijajevas.<\/p>\n<p>Idrakas Dada\u0161ovas pad\u0117kojo u\u017e suteikt\u0105 galimyb\u0119 papasakoti apie bankin\u0117s savitarnos pl\u0117tr\u0105 Uzbekistane. \u0160iuo metu \u0161ioje \u0161alyje veikia beveik 10 000 bankin\u0117s savitarnos \u012frengini\u0173. Uzbekistano finans\u0173 \u012fstaigos vis da\u017eniau renkasi daugiafunkcius bankomatus, siekdamos, kad visos svarbios paslaugos b\u016bt\u0173 prieinamos \u012fvairioms gyventoj\u0173 grup\u0117ms.<\/p>\n<p>Susitikime su ministru taip pat dalyvavo \u201eVisa\u201c viceprezident\u0117 Kristina Doro\u0161, \u201eTietoevry\u201c pl\u0117tros ir pardavim\u0173 direktor\u0117 NVS \u0161alyse Irina Grin\u0161pane, \u201eAloqaBank\u201c valdybos pirminink\u0117 Kammuna Irisbekova ir \u201eAloqaBank\u201c valdybos pirmininko pavaduotojas Farruchas Machkamovas.<\/p>\n<p>IT parko erdv\u0117je savo pirmuosius klientus pri\u0117m\u0117 inovacinis \u201eAloqaBank\u201c filialas, kuriame, bendradarbiaujant su BS\/2, \u012frengti naujausios \u201eDiebold Nixdorf\u201c serijos \u201eDN Series\u201c bankomatai.\u00a0 Juose klientai gali ne tik atlikti \u012fprastas bankines operacijas, bet ir pasikeisti valiut\u0105. Be to, \u0161iuo metu bandoma galimyb\u0117 \u0161iuose bankomatuose atlikti kredit\u0173 \u012fmokas ir i\u0161siimti grynuosius pinigus be kortel\u0117s. Tai \u012fgyvendinama, \u012f bankomatus \u012fdiegus BS\/2 programin\u012f sprendim\u0105 \u201ePayments.iQ\u201d.<\/p>\n<p>IT parkas Ta\u0161kente \u2013 tai erdv\u0117, skirta naujiems perspektyviems \u012fmoni\u0173 projektams \u012fgyvendinti ir Uzbekistano technologij\u0173 pramonei pl\u0117toti.<\/p>\n<p>Nuotraukos i\u0161 IT parko atidarymo i\u0161kilmi\u0173 ir verslo susitikim\u0173:<\/p>\n<ul>\n<li>Uzbekistano Respublikos Prezidentas \u0160avkatas Mirzjevas Miromonovi\u010d<\/li>\n<li>Uzbekistano Ministras Pirmininkas Abdula Aripovas Nigmatovi\u010d<\/li>\n<li>Informacini\u0173 technologij\u0173 ir telekomunikacij\u0173 pl\u0117tros ministras Sherzod Shermatov Khotamovi\u010d<\/li>\n<li>AloqaBank valdybos pirminink\u0117 Kammuna Narinbajevna Irisbekova<\/li>\n<\/ul>\n","protected":false},"excerpt":{"rendered":"","protected":false},"author":1,"featured_media":29461,"comment_status":"closed","ping_status":"closed","sticky":false,"template":"","format":"standard","meta":{"_acf_changed":false,"inline_featured_image":false,"footnotes":""},"categories":[18],"tags":[],"news_author":[],"class_list":["post-29509","post","type-post","status-publish","format-standard","has-post-thumbnail","hentry","category-naujienos-apie-imone"],"acf":[],"yoast_head":"<!-- This site is optimized with the Yoast SEO plugin v26.2 - https:\/\/yoast.com\/wordpress\/plugins\/seo\/ -->\n<title>IT parko atidaryme \u201ePenki\u0173 kontinent\u0173\u201c grup\u0117s valdybos pirmininkas susitiko su Uzbekistano ministrais | BS\/2<\/title>\n<meta name=\"robots\" content=\"index, follow, max-snippet:-1, max-image-preview:large, max-video-preview:-1\" \/>\n<link rel=\"canonical\" href=\"https:\/\/bs2.lt\/lt\/naujienos-apie-imone\/it-parko-atidaryme-penkiu-kontinentu-grupes-valdybos-pirmininkas-susitiko-su-uzbekistano-ministru\/\" \/>\n<meta property=\"og:locale\" content=\"lt_LT\" \/>\n<meta property=\"og:type\" content=\"article\" \/>\n<meta property=\"og:title\" content=\"IT parko atidaryme \u201ePenki\u0173 kontinent\u0173\u201c grup\u0117s valdybos pirmininkas susitiko su Uzbekistano ministrais | BS\/2\" \/>\n<meta property=\"og:url\" content=\"https:\/\/bs2.lt\/lt\/naujienos-apie-imone\/it-parko-atidaryme-penkiu-kontinentu-grupes-valdybos-pirmininkas-susitiko-su-uzbekistano-ministru\/\" \/>\n<meta property=\"og:site_name\" content=\"BS\/2\" \/>\n<meta property=\"article:publisher\" content=\"https:\/\/www.facebook.com\/bs2solutions\/\" \/>\n<meta property=\"article:published_time\" content=\"2022-09-09T06:53:34+00:00\" \/>\n<meta property=\"article:modified_time\" content=\"2022-09-20T13:56:52+00:00\" \/>\n<meta property=\"og:image\" content=\"https:\/\/bs2.lt\/wp-content\/uploads\/2022\/09\/it-park-web-copy2.jpg\" \/>\n\t<meta property=\"og:image:width\" content=\"1920\" \/>\n\t<meta property=\"og:image:height\" content=\"1080\" \/>\n\t<meta property=\"og:image:type\" content=\"image\/jpeg\" \/>\n<meta name=\"author\" content=\"admin\" \/>\n<meta name=\"twitter:card\" content=\"summary_large_image\" \/>\n<meta name=\"twitter:label1\" content=\"Written by\" \/>\n\t<meta name=\"twitter:data1\" content=\"admin\" \/>\n\t<meta name=\"twitter:label2\" content=\"Est. reading time\" \/>\n\t<meta name=\"twitter:data2\" content=\"2 minut\u0117s\" \/>\n<script type=\"application\/ld+json\" class=\"yoast-schema-graph\">{\"@context\":\"https:\/\/schema.org\",\"@graph\":[{\"@type\":\"Article\",\"@id\":\"https:\/\/bs2.lt\/lt\/naujienos-apie-imone\/it-parko-atidaryme-penkiu-kontinentu-grupes-valdybos-pirmininkas-susitiko-su-uzbekistano-ministru\/#article\",\"isPartOf\":{\"@id\":\"https:\/\/bs2.lt\/lt\/naujienos-apie-imone\/it-parko-atidaryme-penkiu-kontinentu-grupes-valdybos-pirmininkas-susitiko-su-uzbekistano-ministru\/\"},\"author\":{\"name\":\"admin\",\"@id\":\"https:\/\/bs2.lt\/#\/schema\/person\/8a2bf5e1fd80e23845d5afdecb7dc273\"},\"headline\":\"IT parko atidaryme \u201ePenki\u0173 kontinent\u0173\u201c grup\u0117s valdybos pirmininkas susitiko su Uzbekistano ministrais\",\"datePublished\":\"2022-09-09T06:53:34+00:00\",\"dateModified\":\"2022-09-20T13:56:52+00:00\",\"mainEntityOfPage\":{\"@id\":\"https:\/\/bs2.lt\/lt\/naujienos-apie-imone\/it-parko-atidaryme-penkiu-kontinentu-grupes-valdybos-pirmininkas-susitiko-su-uzbekistano-ministru\/\"},\"wordCount\":274,\"publisher\":{\"@id\":\"https:\/\/bs2.lt\/#organization\"},\"image\":{\"@id\":\"https:\/\/bs2.lt\/lt\/naujienos-apie-imone\/it-parko-atidaryme-penkiu-kontinentu-grupes-valdybos-pirmininkas-susitiko-su-uzbekistano-ministru\/#primaryimage\"},\"thumbnailUrl\":\"https:\/\/bs2.lt\/wp-content\/uploads\/2022\/09\/it-park-web-copy2.jpg\",\"articleSection\":[\"Naujienos apie \u012fmon\u0119\"],\"inLanguage\":\"lt-LT\"},{\"@type\":\"WebPage\",\"@id\":\"https:\/\/bs2.lt\/lt\/naujienos-apie-imone\/it-parko-atidaryme-penkiu-kontinentu-grupes-valdybos-pirmininkas-susitiko-su-uzbekistano-ministru\/\",\"url\":\"https:\/\/bs2.lt\/lt\/naujienos-apie-imone\/it-parko-atidaryme-penkiu-kontinentu-grupes-valdybos-pirmininkas-susitiko-su-uzbekistano-ministru\/\",\"name\":\"IT parko atidaryme \u201ePenki\u0173 kontinent\u0173\u201c grup\u0117s valdybos pirmininkas susitiko su Uzbekistano ministrais | BS\/2\",\"isPartOf\":{\"@id\":\"https:\/\/bs2.lt\/#website\"},\"primaryImageOfPage\":{\"@id\":\"https:\/\/bs2.lt\/lt\/naujienos-apie-imone\/it-parko-atidaryme-penkiu-kontinentu-grupes-valdybos-pirmininkas-susitiko-su-uzbekistano-ministru\/#primaryimage\"},\"image\":{\"@id\":\"https:\/\/bs2.lt\/lt\/naujienos-apie-imone\/it-parko-atidaryme-penkiu-kontinentu-grupes-valdybos-pirmininkas-susitiko-su-uzbekistano-ministru\/#primaryimage\"},\"thumbnailUrl\":\"https:\/\/bs2.lt\/wp-content\/uploads\/2022\/09\/it-park-web-copy2.jpg\",\"datePublished\":\"2022-09-09T06:53:34+00:00\",\"dateModified\":\"2022-09-20T13:56:52+00:00\",\"breadcrumb\":{\"@id\":\"https:\/\/bs2.lt\/lt\/naujienos-apie-imone\/it-parko-atidaryme-penkiu-kontinentu-grupes-valdybos-pirmininkas-susitiko-su-uzbekistano-ministru\/#breadcrumb\"},\"inLanguage\":\"lt-LT\",\"potentialAction\":[{\"@type\":\"ReadAction\",\"target\":[\"https:\/\/bs2.lt\/lt\/naujienos-apie-imone\/it-parko-atidaryme-penkiu-kontinentu-grupes-valdybos-pirmininkas-susitiko-su-uzbekistano-ministru\/\"]}]},{\"@type\":\"ImageObject\",\"inLanguage\":\"lt-LT\",\"@id\":\"https:\/\/bs2.lt\/lt\/naujienos-apie-imone\/it-parko-atidaryme-penkiu-kontinentu-grupes-valdybos-pirmininkas-susitiko-su-uzbekistano-ministru\/#primaryimage\",\"url\":\"https:\/\/bs2.lt\/wp-content\/uploads\/2022\/09\/it-park-web-copy2.jpg\",\"contentUrl\":\"https:\/\/bs2.lt\/wp-content\/uploads\/2022\/09\/it-park-web-copy2.jpg\",\"width\":1920,\"height\":1080},{\"@type\":\"BreadcrumbList\",\"@id\":\"https:\/\/bs2.lt\/lt\/naujienos-apie-imone\/it-parko-atidaryme-penkiu-kontinentu-grupes-valdybos-pirmininkas-susitiko-su-uzbekistano-ministru\/#breadcrumb\",\"itemListElement\":[{\"@type\":\"ListItem\",\"position\":1,\"name\":\"Home\",\"item\":\"https:\/\/bs2.lt\/lt\/\"},{\"@type\":\"ListItem\",\"position\":2,\"name\":\"IT parko atidaryme \u201ePenki\u0173 kontinent\u0173\u201c grup\u0117s valdybos pirmininkas susitiko su Uzbekistano ministrais\"}]},{\"@type\":\"WebSite\",\"@id\":\"https:\/\/bs2.lt\/#website\",\"url\":\"https:\/\/bs2.lt\/\",\"name\":\"BS\/2\",\"description\":\"Banking and retail technology company\",\"publisher\":{\"@id\":\"https:\/\/bs2.lt\/#organization\"},\"potentialAction\":[{\"@type\":\"SearchAction\",\"target\":{\"@type\":\"EntryPoint\",\"urlTemplate\":\"https:\/\/bs2.lt\/?s={search_term_string}\"},\"query-input\":{\"@type\":\"PropertyValueSpecification\",\"valueRequired\":true,\"valueName\":\"search_term_string\"}}],\"inLanguage\":\"lt-LT\"},{\"@type\":\"Organization\",\"@id\":\"https:\/\/bs2.lt\/#organization\",\"name\":\"BS\/2\",\"url\":\"https:\/\/bs2.lt\/\",\"logo\":{\"@type\":\"ImageObject\",\"inLanguage\":\"lt-LT\",\"@id\":\"https:\/\/bs2.lt\/#\/schema\/logo\/image\/\",\"url\":\"https:\/\/bs2.lt\/wp-content\/uploads\/2022\/08\/bs2-logo.svg\",\"contentUrl\":\"https:\/\/bs2.lt\/wp-content\/uploads\/2022\/08\/bs2-logo.svg\",\"width\":100,\"height\":57,\"caption\":\"BS\/2\"},\"image\":{\"@id\":\"https:\/\/bs2.lt\/#\/schema\/logo\/image\/\"},\"sameAs\":[\"https:\/\/www.facebook.com\/bs2solutions\/\",\"https:\/\/www.linkedin.com\/showcase\/bs2solutions\",\"https:\/\/www.youtube.com\/c\/Bs2Lt\"]},{\"@type\":\"Person\",\"@id\":\"https:\/\/bs2.lt\/#\/schema\/person\/8a2bf5e1fd80e23845d5afdecb7dc273\",\"name\":\"admin\",\"image\":{\"@type\":\"ImageObject\",\"inLanguage\":\"lt-LT\",\"@id\":\"https:\/\/bs2.lt\/#\/schema\/person\/image\/\",\"url\":\"https:\/\/secure.gravatar.com\/avatar\/ace191de49b659efc87f5d8e252cadb4b698430261a47e6338131bbaebb2b6c3?s=96&d=mm&r=g\",\"contentUrl\":\"https:\/\/secure.gravatar.com\/avatar\/ace191de49b659efc87f5d8e252cadb4b698430261a47e6338131bbaebb2b6c3?s=96&d=mm&r=g\",\"caption\":\"admin\"}}]}<\/script>\n<!-- \/ Yoast SEO plugin. -->","yoast_head_json":{"title":"IT parko atidaryme \u201ePenki\u0173 kontinent\u0173\u201c grup\u0117s valdybos pirmininkas susitiko su Uzbekistano ministrais | BS\/2","robots":{"index":"index","follow":"follow","max-snippet":"max-snippet:-1","max-image-preview":"max-image-preview:large","max-video-preview":"max-video-preview:-1"},"canonical":"https:\/\/bs2.lt\/lt\/naujienos-apie-imone\/it-parko-atidaryme-penkiu-kontinentu-grupes-valdybos-pirmininkas-susitiko-su-uzbekistano-ministru\/","og_locale":"lt_LT","og_type":"article","og_title":"IT parko atidaryme \u201ePenki\u0173 kontinent\u0173\u201c grup\u0117s valdybos pirmininkas susitiko su Uzbekistano ministrais | BS\/2","og_url":"https:\/\/bs2.lt\/lt\/naujienos-apie-imone\/it-parko-atidaryme-penkiu-kontinentu-grupes-valdybos-pirmininkas-susitiko-su-uzbekistano-ministru\/","og_site_name":"BS\/2","article_publisher":"https:\/\/www.facebook.com\/bs2solutions\/","article_published_time":"2022-09-09T06:53:34+00:00","article_modified_time":"2022-09-20T13:56:52+00:00","og_image":[{"width":1920,"height":1080,"url":"https:\/\/bs2.lt\/wp-content\/uploads\/2022\/09\/it-park-web-copy2.jpg","type":"image\/jpeg"}],"author":"admin","twitter_card":"summary_large_image","twitter_misc":{"Written by":"admin","Est. reading time":"2 minut\u0117s"},"schema":{"@context":"https:\/\/schema.org","@graph":[{"@type":"Article","@id":"https:\/\/bs2.lt\/lt\/naujienos-apie-imone\/it-parko-atidaryme-penkiu-kontinentu-grupes-valdybos-pirmininkas-susitiko-su-uzbekistano-ministru\/#article","isPartOf":{"@id":"https:\/\/bs2.lt\/lt\/naujienos-apie-imone\/it-parko-atidaryme-penkiu-kontinentu-grupes-valdybos-pirmininkas-susitiko-su-uzbekistano-ministru\/"},"author":{"name":"admin","@id":"https:\/\/bs2.lt\/#\/schema\/person\/8a2bf5e1fd80e23845d5afdecb7dc273"},"headline":"IT parko atidaryme \u201ePenki\u0173 kontinent\u0173\u201c grup\u0117s valdybos pirmininkas susitiko su Uzbekistano ministrais","datePublished":"2022-09-09T06:53:34+00:00","dateModified":"2022-09-20T13:56:52+00:00","mainEntityOfPage":{"@id":"https:\/\/bs2.lt\/lt\/naujienos-apie-imone\/it-parko-atidaryme-penkiu-kontinentu-grupes-valdybos-pirmininkas-susitiko-su-uzbekistano-ministru\/"},"wordCount":274,"publisher":{"@id":"https:\/\/bs2.lt\/#organization"},"image":{"@id":"https:\/\/bs2.lt\/lt\/naujienos-apie-imone\/it-parko-atidaryme-penkiu-kontinentu-grupes-valdybos-pirmininkas-susitiko-su-uzbekistano-ministru\/#primaryimage"},"thumbnailUrl":"https:\/\/bs2.lt\/wp-content\/uploads\/2022\/09\/it-park-web-copy2.jpg","articleSection":["Naujienos apie \u012fmon\u0119"],"inLanguage":"lt-LT"},{"@type":"WebPage","@id":"https:\/\/bs2.lt\/lt\/naujienos-apie-imone\/it-parko-atidaryme-penkiu-kontinentu-grupes-valdybos-pirmininkas-susitiko-su-uzbekistano-ministru\/","url":"https:\/\/bs2.lt\/lt\/naujienos-apie-imone\/it-parko-atidaryme-penkiu-kontinentu-grupes-valdybos-pirmininkas-susitiko-su-uzbekistano-ministru\/","name":"IT parko atidaryme \u201ePenki\u0173 kontinent\u0173\u201c grup\u0117s valdybos pirmininkas susitiko su Uzbekistano ministrais | BS\/2","isPartOf":{"@id":"https:\/\/bs2.lt\/#website"},"primaryImageOfPage":{"@id":"https:\/\/bs2.lt\/lt\/naujienos-apie-imone\/it-parko-atidaryme-penkiu-kontinentu-grupes-valdybos-pirmininkas-susitiko-su-uzbekistano-ministru\/#primaryimage"},"image":{"@id":"https:\/\/bs2.lt\/lt\/naujienos-apie-imone\/it-parko-atidaryme-penkiu-kontinentu-grupes-valdybos-pirmininkas-susitiko-su-uzbekistano-ministru\/#primaryimage"},"thumbnailUrl":"https:\/\/bs2.lt\/wp-content\/uploads\/2022\/09\/it-park-web-copy2.jpg","datePublished":"2022-09-09T06:53:34+00:00","dateModified":"2022-09-20T13:56:52+00:00","breadcrumb":{"@id":"https:\/\/bs2.lt\/lt\/naujienos-apie-imone\/it-parko-atidaryme-penkiu-kontinentu-grupes-valdybos-pirmininkas-susitiko-su-uzbekistano-ministru\/#breadcrumb"},"inLanguage":"lt-LT","potentialAction":[{"@type":"ReadAction","target":["https:\/\/bs2.lt\/lt\/naujienos-apie-imone\/it-parko-atidaryme-penkiu-kontinentu-grupes-valdybos-pirmininkas-susitiko-su-uzbekistano-ministru\/"]}]},{"@type":"ImageObject","inLanguage":"lt-LT","@id":"https:\/\/bs2.lt\/lt\/naujienos-apie-imone\/it-parko-atidaryme-penkiu-kontinentu-grupes-valdybos-pirmininkas-susitiko-su-uzbekistano-ministru\/#primaryimage","url":"https:\/\/bs2.lt\/wp-content\/uploads\/2022\/09\/it-park-web-copy2.jpg","contentUrl":"https:\/\/bs2.lt\/wp-content\/uploads\/2022\/09\/it-park-web-copy2.jpg","width":1920,"height":1080},{"@type":"BreadcrumbList","@id":"https:\/\/bs2.lt\/lt\/naujienos-apie-imone\/it-parko-atidaryme-penkiu-kontinentu-grupes-valdybos-pirmininkas-susitiko-su-uzbekistano-ministru\/#breadcrumb","itemListElement":[{"@type":"ListItem","position":1,"name":"Home","item":"https:\/\/bs2.lt\/lt\/"},{"@type":"ListItem","position":2,"name":"IT parko atidaryme \u201ePenki\u0173 kontinent\u0173\u201c grup\u0117s valdybos pirmininkas susitiko su Uzbekistano ministrais"}]},{"@type":"WebSite","@id":"https:\/\/bs2.lt\/#website","url":"https:\/\/bs2.lt\/","name":"BS\/2","description":"Banking and retail technology company","publisher":{"@id":"https:\/\/bs2.lt\/#organization"},"potentialAction":[{"@type":"SearchAction","target":{"@type":"EntryPoint","urlTemplate":"https:\/\/bs2.lt\/?s={search_term_string}"},"query-input":{"@type":"PropertyValueSpecification","valueRequired":true,"valueName":"search_term_string"}}],"inLanguage":"lt-LT"},{"@type":"Organization","@id":"https:\/\/bs2.lt\/#organization","name":"BS\/2","url":"https:\/\/bs2.lt\/","logo":{"@type":"ImageObject","inLanguage":"lt-LT","@id":"https:\/\/bs2.lt\/#\/schema\/logo\/image\/","url":"https:\/\/bs2.lt\/wp-content\/uploads\/2022\/08\/bs2-logo.svg","contentUrl":"https:\/\/bs2.lt\/wp-content\/uploads\/2022\/08\/bs2-logo.svg","width":100,"height":57,"caption":"BS\/2"},"image":{"@id":"https:\/\/bs2.lt\/#\/schema\/logo\/image\/"},"sameAs":["https:\/\/www.facebook.com\/bs2solutions\/","https:\/\/www.linkedin.com\/showcase\/bs2solutions","https:\/\/www.youtube.com\/c\/Bs2Lt"]},{"@type":"Person","@id":"https:\/\/bs2.lt\/#\/schema\/person\/8a2bf5e1fd80e23845d5afdecb7dc273","name":"admin","image":{"@type":"ImageObject","inLanguage":"lt-LT","@id":"https:\/\/bs2.lt\/#\/schema\/person\/image\/","url":"https:\/\/secure.gravatar.com\/avatar\/ace191de49b659efc87f5d8e252cadb4b698430261a47e6338131bbaebb2b6c3?s=96&d=mm&r=g","contentUrl":"https:\/\/secure.gravatar.com\/avatar\/ace191de49b659efc87f5d8e252cadb4b698430261a47e6338131bbaebb2b6c3?s=96&d=mm&r=g","caption":"admin"}}]}},"_links":{"self":[{"href":"https:\/\/bs2.lt\/lt\/wp-json\/wp\/v2\/posts\/29509","targetHints":{"allow":["GET"]}}],"collection":[{"href":"https:\/\/bs2.lt\/lt\/wp-json\/wp\/v2\/posts"}],"about":[{"href":"https:\/\/bs2.lt\/lt\/wp-json\/wp\/v2\/types\/post"}],"author":[{"embeddable":true,"href":"https:\/\/bs2.lt\/lt\/wp-json\/wp\/v2\/users\/1"}],"replies":[{"embeddable":true,"href":"https:\/\/bs2.lt\/lt\/wp-json\/wp\/v2\/comments?post=29509"}],"version-history":[{"count":0,"href":"https:\/\/bs2.lt\/lt\/wp-json\/wp\/v2\/posts\/29509\/revisions"}],"wp:featuredmedia":[{"embeddable":true,"href":"https:\/\/bs2.lt\/lt\/wp-json\/wp\/v2\/media\/29461"}],"wp:attachment":[{"href":"https:\/\/bs2.lt\/lt\/wp-json\/wp\/v2\/media?parent=29509"}],"wp:term":[{"taxonomy":"category","embeddable":true,"href":"https:\/\/bs2.lt\/lt\/wp-json\/wp\/v2\/categories?post=29509"},{"taxonomy":"post_tag","embeddable":true,"href":"https:\/\/bs2.lt\/lt\/wp-json\/wp\/v2\/tags?post=29509"},{"taxonomy":"news_author","embeddable":true,"href":"https:\/\/bs2.lt\/lt\/wp-json\/wp\/v2\/news_author?post=29509"}],"curies":[{"name":"wp","href":"https:\/\/api.w.org\/{rel}","templated":true}]}}