{"id":10918,"date":"2015-06-17T04:19:45","date_gmt":"2015-06-17T06:19:45","guid":{"rendered":"https:\/\/bs2.lt\/bs2.lt\/?p=10918"},"modified":"2021-05-25T04:21:49","modified_gmt":"2021-05-25T06:21:49","slug":"interviu-su-wincor-nixdorf-prezidentu-e-heidloffu-publikuotas-borsen-zeitung","status":"publish","type":"post","link":"https:\/\/bs2.lt\/lt\/naujienos-apie-imone\/interviu-su-wincor-nixdorf-prezidentu-e-heidloffu-publikuotas-borsen-zeitung\/","title":{"rendered":"Interviu su \u201eWincor Nixdorf\u201c prezidentu E. Heidloffu, publikuotas \u201eB\u00f6rsen-Zeitung\u201c"},"content":{"rendered":"<p><!--more--><\/p>\n<p class=\"Default\"><strong>Pone E. Heidlofai, ar pra\u0117jusi\u0105 savait\u0119 pasklidusiuose ganduose apie\u00a0<a href=\"http:\/\/www.wincor-nixdorf.com\/internet\/site_EN\/EN\/Home\/homepage_node.html\" target=\"_blank\" rel=\"noopener\">\u201eWincor Nixdorf\u201c<\/a>\u00a0akcij\u0173 perpirkim\u0105, yra bent dalis tiesos?<\/strong><\/p>\n<p class=\"Default\">Nuo pat tos akimirkos, kai atsiskyr\u0117me nuo \u201eSiemens\u201c 1999 metais, b\u016bta visoki\u0173 kalb\u0173 apie m\u016bs\u0173 susijungim\u0105 su \u201eDiebold\u201c. Tai nuolatin\u0117 diskusij\u0173 tema. Atrod\u0117, kad tokias kalbas kurst\u0117 labai ai\u0161kiai br\u0117\u017eiama riba: \u201eDiebold\u201c yra \u012fsitvirtinusi Amerikoje, o mes \u2013 Europoje. Ta\u010diau \u017ei\u016brint i\u0161 m\u016bs\u0173 perspektyvos, susijungimas su \u201eDiebold\u201c neturi jokios prasm\u0117s. Manau, kad \u0161iuo atveju 1+1 b\u016bt\u0173 ma\u017eiau nei 2. Be to, tai pareikalaut\u0173 mil\u017eini\u0161k\u0173 pastang\u0173 ir investicij\u0173. Tai paraly\u017eiuot\u0173 abi kompanijas.<\/p>\n<p class=\"Default\"><strong>Ar kompanijos \u201eDiebold\u201c nuomon\u0117 tokia pati kaip J\u016bs\u0173?<\/strong><\/p>\n<p class=\"Default\">Negaliu kalb\u0117ti u\u017e \u201eDiebold\u201c. Reik\u0117t\u0173 paklausti j\u0173 pa\u010di\u0173. Esame \u012fsitikin\u0119, kad nat\u016bralus \u012fmon\u0117s augimas yra vienintelis teisingas kelias, geriausiai atitinkantis m\u016bs\u0173 pa\u010di\u0173 ir m\u016bs\u0173 akcinink\u0173 l\u016bkes\u010dius. M\u016bs\u0173 sektorius reikalauja tvarkos savuose namuose, o to negalima automati\u0161kai tur\u0117ti sujungus dvi kompanijas. \u0160tai kod\u0117l tikime, kad nepriklausomyb\u0117 \u2013 tai vienintelis teisingas kelias.<\/p>\n<p class=\"Default\"><strong>Ar jau\u010diate baim\u0119, kad \u012fmon\u0117 gali pereiti \u012f kitas rankas?<\/strong><\/p>\n<p class=\"Default\">Mano baim\u0117s d\u0117l tam tikr\u0173 prie\u017eas\u010di\u0173 yra labai ribotos.<\/p>\n<p class=\"Default\"><strong>Baland\u017eio prad\u017eioje buvo kalbama apie potenciali\u0173 r\u0117m\u0117j\u0173 paie\u0161kas. Ar tai taip pat tik gandai?<\/strong><\/p>\n<p class=\"Default\">Tai visai kas kita. Nuolat kab\u0117jome apie bendradarbiavim\u0105 ir partneryst\u0119 su kitais gamintojais kaip \u012fgyvendinamos restrukt\u016brizavimo programos dal\u012f. Nesame nusistat\u0119 ir nedarome joki\u0173 nuolaid\u0173 pl\u0117todami produktus kartu su konkurentais. Ta\u010diau niekada netur\u0117jome plan\u0173 i\u0161 esm\u0117s keisti savo bendrov\u0119.<\/p>\n<p class=\"Default\"><strong>\u012egyvendinant restrukt\u016brizavimo program\u0105, akcininkams bent por\u0105 met\u0173 \u017eadamas ne toks s\u0117kmingas laikotarpis. Kaip ketinate i\u0161laikyti j\u0173 i\u0161tikimyb\u0119?<\/strong><\/p>\n<p class=\"Default\">Man susidar\u0117 \u012fsp\u016bdis, kad m\u016bs\u0173 akcininkai tiki kompanijos restrukt\u016brizavimu. Beje, nepaisant restrukt\u016brizavimo programos, mes visgi dirbame pelningai. Be to, \u0161i programa tur\u0117t\u0173 \u017eenkliai prisid\u0117ti prie pelno augimo jau ateinan\u010di\u0173 met\u0173 prad\u017eioje.<\/p>\n<p class=\"Default\"><strong>Ar gal\u0117tum\u0117te pasakyti, koki\u0105 \u012ftak\u0105 darys restrukt\u016brizavimas ateinan\u010di\u0173 met\u0173 pajamoms?<\/strong><\/p>\n<p class=\"Default\">Restrukt\u016brizavimas padengs m\u016bs\u0173 s\u0105naudas ir kitais metais. \u0160iemet, neskai\u010diuojant restrukt\u016brizavimo programos, tikim\u0117s 100 mln. eur\u0173 pelno. I\u0161laidos tur\u0117t\u0173 siekti apie 80 mln. eur\u0173. Kitais metais jos bus apie 40 mln. eur\u0173, o pelnas po restrukt\u016brizavimo ir toliau sieks apie 100 mln. eur\u0173.<\/p>\n<p class=\"Default\"><strong>Sakote, kad kompanija yra atvira partnerystei. Ar \u0161i taisykl\u0117 galioja ir kalbant apie technin\u0117s \u012frangos gamybos sektori\u0173, kuris \u0161iuo metu kelia daugiausia r\u016bpes\u010di\u0173?<\/strong><\/p>\n<p class=\"Default\">Tai nerei\u0161kia, kad gamindami \u012frang\u0105 privalome visk\u0105 daryti patys. Juk mums nereikia patiems kurti, pavyzd\u017eiui, darbo su monetomis sistemos ar menkiausios kiekvienos technologijos detal\u0117s. \u0160iuos darbus galime dalytis kartu su partneriais. Visuomet dirbame atsi\u017evelgdami \u012f standartizavimo normas, tod\u0117l esame pasiruo\u0161\u0119 pasi\u016blyti tam tikr\u0173 komponent\u0173 ir savo konkurentams.<\/p>\n<p class=\"Default\"><strong>Ar tai rei\u0161kia, kad gal\u0117tum\u0117te perleisti kai kuriuos komponentus tokiems savo konkurentams kaip \u201eDiebold\u201c ar NCR?<\/strong><\/p>\n<p class=\"Default\">Taip, visi\u0161kai teisingai. N\u0117ra prie\u017eas\u010di\u0173, kod\u0117l negal\u0117tume parduoti tam tikr\u0173 komponent\u0173 \u0161ioms kompanijoms. Tam tikra prasme mes tai jau ir darome. Tai vyksta, nes d\u0117l mil\u017eini\u0161ko spaudimo ma\u017einti i\u0161laidas rinka yra priversta nuolat keistis. I\u0161 esm\u0117s tai pana\u0161u \u012f automobili\u0173 pramon\u0119, kuri irgi deda dideles viltis \u012f standartizavim\u0105. Jis naudingas klientams, be to, padeda verslui ma\u017einti i\u0161laidas. Pavyzd\u017eiui, saugumo iniciatyv\u0105 mes \u012fgyvendinome kartu su \u201eDiebold\u201c.<\/p>\n<p class=\"Default\"><strong>Ar neatsitiks taip, kad standartizavimas sukurs palankesnes s\u0105lygas perpirkti kompanij\u0105 ar bent jau palengvins \u0161\u012f proces\u0105?<\/strong><\/p>\n<p class=\"Default\">Ne. Nepaisant standartizavimo, kiekviena \u012fmon\u0117 i\u0161saugos savo pozicijas rinkoje. Su savomis technologijomis, kompetencija ir savo klientais.<\/p>\n<p class=\"Default\"><strong>Kaip vien\u0105 i\u0161 restrukt\u016brizavimo dali\u0173 planavote nepriklausomus ir prieinamus tre\u010diosioms \u0161alims atsiskaitymus negrynaisiais pinigais. K\u0105 gal\u0117tum\u0117te \u010dia \u012fvardyti kaip galimus partnerius?<\/strong><\/p>\n<p class=\"Default\">Turime labai stipri\u0173 programin\u0117s ir tarpin\u0117s programin\u0117s \u012frangos produkt\u0173, skirt\u0173 tiek atsiskaitymams grynaisiais, tiek negrynaisiais pinigais. Nenorime b\u016bti \u012fsivaizduojami tik kaip bankomat\u0173 gamintojai. Nor\u0117tume atskirti Mok\u0117jim\u0173 padalin\u012f su 51 proc. akcij\u0173. Likusius 49 proc. valdyt\u0173 kiti akcininkai. Beje, pra\u0117jusiais metais \u0161io padalinio pardavimo rezultatai siek\u0117 50 milijon\u0173 eur\u0173. Pirmajame etape gal\u0117tume \u012ftraukti \u012f tuos 49 proc. savo klientus ir technologinius partnerius. Bet kuriuo atveju galutinis m\u016bs\u0173 tikslas \u2013 tai 49 proc. akcij\u0173 rinkoje.<\/p>\n<p class=\"Default\"><strong>Kada planuojama tai padaryti?<\/strong><\/p>\n<p class=\"Default\">Min\u0117to padalinio atskyrimas tur\u0117t\u0173 b\u016bti baigtas rugs\u0117jo 30 dien\u0105. Kompanija auga labai greitai, o 2017\u20132018 met\u0173 pardavimo apimtys tur\u0117t\u0173 siekti 150 mln. eur\u0173. Didelis tokio atskyrimo privalumas tas, kad gal\u0117tume pritraukti kapitalo akcij\u0173 pavidalu. Mok\u0117jimo sprendimai turi did\u017eiuli\u0173 perspektyv\u0173 pradedan\u010diosios \u012fmon\u0117s etape ir tai atsispind\u0117s vertinant kompanij\u0105. Be to, tai atvert\u0173 nauj\u0173 augimo keli\u0173.<\/p>\n<p class=\"Default\"><strong>Ar tikite, kad tokia pradedan\u010dioji kompanija gali b\u016bti \u012fdomi investuotojams?<\/strong><\/p>\n<p class=\"Default\">Manau, investuotoj\u0173 tikrai rasime, nes mok\u0117jim\u0173 sritis labai plati ir svarbi \u2013 tai ir pa\u010dios mok\u0117jimo operacijos, ir \u012fvairios program\u0117l\u0117s bei virtualios pinigin\u0117s, gal\u0173 gale saugumo sprendimai. \u017dinome savo galutinius vartotojus. Tai bankai ir ma\u017emenin\u0117s prekybos \u012fmon\u0117s. Be to, puikiai i\u0161manome keliamus saugumo reikalavimus. Taigi, galime apie tai diskutuoti auk\u0161\u010diausiu lygiu. Be to, galime bendradarbiauti su jaunomis technologij\u0173 \u012fmon\u0117mis. Bankams mok\u0117jimo sprendimai taip pat yra \u012fdom\u016bs kaip pardavimo priemon\u0117. Dabar yra svarbu greitai \u012f\u017eengti \u012f \u0161i\u0105 rink\u0105 su savo inovatyviais produktais.<\/p>\n<p class=\"Default\"><strong>Ar \u0161iek tiek ne per v\u0117lu tokiems sprendimams? Ypa\u010d dabar, kai kyla daug diskusij\u0173 apie \u201eApplePay\u201c, \u201eGoogle\u201c ir \u201eFacebook\u201c mok\u0117jimo sprendimus. O ir bankai nenori investuoti, nes ne\u017eino, koks galutinis sprendimas \u012fsitvirtins.<\/strong><\/p>\n<p class=\"Default\">Toki\u0105 skaitmenizavimo form\u0105 matome kaip geriausiai atitinkan\u010di\u0105 m\u016bs\u0173 galimybes. M\u016bs\u0173 sprendimas suderinamas su visomis \u012fmanomomis mobiliosiomis programomis ir mok\u0117jimo sistemomis. Internete mes jau\u010diam\u0117s kaip namuose, tuo pat metu atitikdami visus saugumo reikalavimus. M\u016bs\u0173 sprendimas paprastai padeda susidoroti su sud\u0117tingais dalykais. Tokie yra m\u016bs\u0173 klient\u0173 \u2013 ma\u017emeninink\u0173 ir bank\u0173 \u2013 l\u016bkes\u010diai. Ta\u010diau tuo pat metu jie pageidauja individuali\u0173 apribojim\u0173 galimyb\u0117s.<\/p>\n<p class=\"Default\"><strong>Ar tai rei\u0161kia, kad J\u016bs\u0173 sprendim\u0105 galima \u012fvardyti kaip tarpinink\u0105 tarp mok\u0117jimo paslaug\u0173 teik\u0117j\u0173 ir bank\u0173?<\/strong><\/p>\n<p class=\"Default\">Taip, tai savoti\u0161kas ry\u0161ys su ma\u017emenininkais M\u016bs\u0173 sistema leid\u017eia \u012fgyvendinti \u012fvairias mok\u0117jimo formas. Be to, j\u0105 galima naudoti, pavyzd\u017eiui, duomenims ar u\u017eklausoms apdoroti. Ir visa tai atliekama saugioje terp\u0117je.<\/p>\n<p class=\"Default\"><strong>Taigi, ar galima teigti, kad J\u016bs\u0173 klientams svarbiausia skaitmenizavimas?<\/strong><\/p>\n<p class=\"Default\">Taip. Ir \u0161i sritis atveria naujus kelius programin\u0117s \u012frangos verslui. Skaitmenin\u0117s daugiakanal\u0117s paslaugos \u2013 tai naujas i\u0161\u0161\u016bkis m\u016bs\u0173 klientams. Ir mes galime pad\u0117ti jiems j\u012f \u012fveikti. Kadangi m\u016bs\u0173 klientai privalo atsi\u017evelgti \u012f savo galutinius vartotojus, mes stengiam\u0117s pasi\u016blyti tok\u012f programin\u0117s \u012frangos paket\u0105, kuris b\u016bt\u0173 prieinamesnis ir paprastesnis b\u016btent galutiniams vartotojams.<\/p>\n<p class=\"Default\"><strong>Kaip manote, kada \u017einiasklaida nustos \u201eWincor Nixdorf\u201c vadinti technin\u0117s \u012frangos gamintoja?<\/strong><\/p>\n<p class=\"Default\">Netolimoje ateityje. Viskas paprasta \u2013 tiesiog skaitmenin\u0117s technologijos visas visuomen\u0117s gyvenimo sritis kei\u010dia kur kas grei\u010diau, nei mes gal\u0117jome \u012fsivaizduoti prie\u0161 kelerius metus. Mes sakome techninei \u012frangai \u201etaip\u201c, nes gal\u0173 gale ji suteikia klientams diferencijavimo ir personalizavimo galimyb\u0119. Ta\u010diau nepaisant to, did\u017eiausias augimas fiksuojamas programin\u0117s \u012frangos ir paslaug\u0173 srityje. Per pastaruosius de\u0161imt met\u0173 \u010dia mes padvigubinome savo pardavimo pajamas. Darysime tai ir v\u0117l, ta\u010diau \u0161\u012fkart daug grei\u010diau. Tod\u0117l m\u016bs\u0173 kompanijos restrukt\u016brizavimas turi jud\u0117ti pirmyn.<\/p>\n<p class=\"Default\"><strong>Kaip keisis technin\u0117s ir programin\u0117s \u012frangos pardavimo santykis per ateinan\u010dius penkerius metus?<\/strong><\/p>\n<p class=\"Default\">Kai 1999 metais prad\u0117jome savo veikl\u0105, technin\u0117 \u012franga siek\u0117 67 proc. \u0160iandien \u0161is skai\u010dius yra 42 proc. Esu tikras, kad \u0161is skai\u010dius ir toliau nuolat ma\u017e\u0117s.<\/p>\n<p class=\"Default\"><em>Annette Becker, \u201eB\u00f6rsen-Zeitung\u201c, 2015 m. bir\u017eelio 12 d.<\/em><\/p>\n<p class=\"Default\"><em>Vertimas \u2013 \u201ePenki kontinentai\u201c<\/em><\/p>\n<p class=\"Default\"><strong>Apie Eckard\u0105 Heidloff\u0105 (<em>Eckard Heidloff<\/em>)<\/strong><\/p>\n<p class=\"Default\"><a href=\"http:\/\/www.wincor-nixdorf.com\/internet\/site_EN\/EN\/Home\/homepage_node.html\" target=\"_blank\" rel=\"noopener\">\u201eWincor Nixdorf\u201c<\/a>\u00a0prezidentas ir generalinis direktorius Eckardas Heidloffas savo karjer\u0105 prad\u0117jo 1983 metais bendrov\u0117je \u201eNixdorf Computer AG\u201c. 1994 metais jis buvo paskirtas bendrov\u0117s \u201eSiemens Nixdorf Informations systeme AG\u201c Ma\u017emenin\u0117s prekybos ir bankini\u0173 sprendim\u0173 padalinio vadovu. 1998 metais E. Heidloffas tapo \u012fmon\u0117s \u201eSiemens Nixdorf Retail &amp; Banking Systems GmbH\u201c vadovu. Itin reik\u0161ming\u0105 vaidmen\u012f \u201eWincor Nixdorf Holding GmbH\u201c tampant tarptautine kompanija jis suvaidino b\u016bdamas jos vykdomuoju viceprezidentu ir direktoriumi. 2014 met\u0173 gegu\u017e\u0119 \u201eWincor Nixdorf\u201c tapo pirm\u0105ja Vokietijos \u012fmone, turin\u010dia privat\u0173 akcij\u0173 kapital\u0105 bir\u017eoje. 2007 met\u0173 saus\u012f kompanijos prezidento ir generalinio direktoriaus poste E. Heidloffas pakeit\u0117 ilgamet\u012f koleg\u0105 Karl\u0105 Heinz\u0105 Stiller\u012f.<\/p>\n","protected":false},"excerpt":{"rendered":"","protected":false},"author":1,"featured_media":10908,"comment_status":"closed","ping_status":"closed","sticky":false,"template":"","format":"standard","meta":{"_acf_changed":false,"inline_featured_image":false,"footnotes":""},"categories":[18],"tags":[116,117],"news_author":[],"class_list":["post-10918","post","type-post","status-publish","format-standard","has-post-thumbnail","hentry","category-naujienos-apie-imone","tag-company","tag-corporatenews"],"acf":[],"yoast_head":"<!-- This site is optimized with the Yoast SEO plugin v26.2 - https:\/\/yoast.com\/wordpress\/plugins\/seo\/ -->\n<title>Interviu su \u201eWincor Nixdorf\u201c prezidentu E. Heidloffu, publikuotas \u201eB\u00f6rsen-Zeitung\u201c | BS\/2<\/title>\n<meta name=\"robots\" content=\"index, follow, max-snippet:-1, max-image-preview:large, max-video-preview:-1\" \/>\n<link rel=\"canonical\" href=\"https:\/\/bs2.lt\/lt\/naujienos-apie-imone\/interviu-su-wincor-nixdorf-prezidentu-e-heidloffu-publikuotas-borsen-zeitung\/\" \/>\n<meta property=\"og:locale\" content=\"lt_LT\" \/>\n<meta property=\"og:type\" content=\"article\" \/>\n<meta property=\"og:title\" content=\"Interviu su \u201eWincor Nixdorf\u201c prezidentu E. Heidloffu, publikuotas \u201eB\u00f6rsen-Zeitung\u201c | BS\/2\" \/>\n<meta property=\"og:url\" content=\"https:\/\/bs2.lt\/lt\/naujienos-apie-imone\/interviu-su-wincor-nixdorf-prezidentu-e-heidloffu-publikuotas-borsen-zeitung\/\" \/>\n<meta property=\"og:site_name\" content=\"BS\/2\" \/>\n<meta property=\"article:publisher\" content=\"https:\/\/www.facebook.com\/bs2solutions\/\" \/>\n<meta property=\"article:published_time\" content=\"2015-06-17T06:19:45+00:00\" \/>\n<meta property=\"article:modified_time\" content=\"2021-05-25T06:21:49+00:00\" \/>\n<meta property=\"og:image\" content=\"https:\/\/bs2.lt\/wp-content\/uploads\/2015\/07\/17062015.jpg\" \/>\n\t<meta property=\"og:image:width\" content=\"320\" \/>\n\t<meta property=\"og:image:height\" content=\"249\" \/>\n\t<meta property=\"og:image:type\" content=\"image\/jpeg\" \/>\n<meta name=\"author\" content=\"admin\" \/>\n<meta name=\"twitter:card\" content=\"summary_large_image\" \/>\n<meta name=\"twitter:label1\" content=\"Written by\" \/>\n\t<meta name=\"twitter:data1\" content=\"admin\" \/>\n\t<meta name=\"twitter:label2\" content=\"Est. reading time\" \/>\n\t<meta name=\"twitter:data2\" content=\"6 minut\u0117s\" \/>\n<script type=\"application\/ld+json\" class=\"yoast-schema-graph\">{\"@context\":\"https:\/\/schema.org\",\"@graph\":[{\"@type\":\"Article\",\"@id\":\"https:\/\/bs2.lt\/lt\/naujienos-apie-imone\/interviu-su-wincor-nixdorf-prezidentu-e-heidloffu-publikuotas-borsen-zeitung\/#article\",\"isPartOf\":{\"@id\":\"https:\/\/bs2.lt\/lt\/naujienos-apie-imone\/interviu-su-wincor-nixdorf-prezidentu-e-heidloffu-publikuotas-borsen-zeitung\/\"},\"author\":{\"name\":\"admin\",\"@id\":\"https:\/\/bs2.lt\/#\/schema\/person\/8a2bf5e1fd80e23845d5afdecb7dc273\"},\"headline\":\"Interviu su \u201eWincor Nixdorf\u201c prezidentu E. Heidloffu, publikuotas \u201eB\u00f6rsen-Zeitung\u201c\",\"datePublished\":\"2015-06-17T06:19:45+00:00\",\"dateModified\":\"2021-05-25T06:21:49+00:00\",\"mainEntityOfPage\":{\"@id\":\"https:\/\/bs2.lt\/lt\/naujienos-apie-imone\/interviu-su-wincor-nixdorf-prezidentu-e-heidloffu-publikuotas-borsen-zeitung\/\"},\"wordCount\":1366,\"publisher\":{\"@id\":\"https:\/\/bs2.lt\/#organization\"},\"image\":{\"@id\":\"https:\/\/bs2.lt\/lt\/naujienos-apie-imone\/interviu-su-wincor-nixdorf-prezidentu-e-heidloffu-publikuotas-borsen-zeitung\/#primaryimage\"},\"thumbnailUrl\":\"https:\/\/bs2.lt\/wp-content\/uploads\/2015\/07\/17062015.jpg\",\"keywords\":[\"Company\",\"corporatenews\"],\"articleSection\":[\"Naujienos apie \u012fmon\u0119\"],\"inLanguage\":\"lt-LT\"},{\"@type\":\"WebPage\",\"@id\":\"https:\/\/bs2.lt\/lt\/naujienos-apie-imone\/interviu-su-wincor-nixdorf-prezidentu-e-heidloffu-publikuotas-borsen-zeitung\/\",\"url\":\"https:\/\/bs2.lt\/lt\/naujienos-apie-imone\/interviu-su-wincor-nixdorf-prezidentu-e-heidloffu-publikuotas-borsen-zeitung\/\",\"name\":\"Interviu su \u201eWincor Nixdorf\u201c prezidentu E. Heidloffu, publikuotas \u201eB\u00f6rsen-Zeitung\u201c | BS\/2\",\"isPartOf\":{\"@id\":\"https:\/\/bs2.lt\/#website\"},\"primaryImageOfPage\":{\"@id\":\"https:\/\/bs2.lt\/lt\/naujienos-apie-imone\/interviu-su-wincor-nixdorf-prezidentu-e-heidloffu-publikuotas-borsen-zeitung\/#primaryimage\"},\"image\":{\"@id\":\"https:\/\/bs2.lt\/lt\/naujienos-apie-imone\/interviu-su-wincor-nixdorf-prezidentu-e-heidloffu-publikuotas-borsen-zeitung\/#primaryimage\"},\"thumbnailUrl\":\"https:\/\/bs2.lt\/wp-content\/uploads\/2015\/07\/17062015.jpg\",\"datePublished\":\"2015-06-17T06:19:45+00:00\",\"dateModified\":\"2021-05-25T06:21:49+00:00\",\"breadcrumb\":{\"@id\":\"https:\/\/bs2.lt\/lt\/naujienos-apie-imone\/interviu-su-wincor-nixdorf-prezidentu-e-heidloffu-publikuotas-borsen-zeitung\/#breadcrumb\"},\"inLanguage\":\"lt-LT\",\"potentialAction\":[{\"@type\":\"ReadAction\",\"target\":[\"https:\/\/bs2.lt\/lt\/naujienos-apie-imone\/interviu-su-wincor-nixdorf-prezidentu-e-heidloffu-publikuotas-borsen-zeitung\/\"]}]},{\"@type\":\"ImageObject\",\"inLanguage\":\"lt-LT\",\"@id\":\"https:\/\/bs2.lt\/lt\/naujienos-apie-imone\/interviu-su-wincor-nixdorf-prezidentu-e-heidloffu-publikuotas-borsen-zeitung\/#primaryimage\",\"url\":\"https:\/\/bs2.lt\/wp-content\/uploads\/2015\/07\/17062015.jpg\",\"contentUrl\":\"https:\/\/bs2.lt\/wp-content\/uploads\/2015\/07\/17062015.jpg\",\"width\":320,\"height\":249},{\"@type\":\"BreadcrumbList\",\"@id\":\"https:\/\/bs2.lt\/lt\/naujienos-apie-imone\/interviu-su-wincor-nixdorf-prezidentu-e-heidloffu-publikuotas-borsen-zeitung\/#breadcrumb\",\"itemListElement\":[{\"@type\":\"ListItem\",\"position\":1,\"name\":\"Home\",\"item\":\"https:\/\/bs2.lt\/lt\/\"},{\"@type\":\"ListItem\",\"position\":2,\"name\":\"Interviu su \u201eWincor Nixdorf\u201c prezidentu E. Heidloffu, publikuotas \u201eB\u00f6rsen-Zeitung\u201c\"}]},{\"@type\":\"WebSite\",\"@id\":\"https:\/\/bs2.lt\/#website\",\"url\":\"https:\/\/bs2.lt\/\",\"name\":\"BS\/2\",\"description\":\"Banking and retail technology company\",\"publisher\":{\"@id\":\"https:\/\/bs2.lt\/#organization\"},\"potentialAction\":[{\"@type\":\"SearchAction\",\"target\":{\"@type\":\"EntryPoint\",\"urlTemplate\":\"https:\/\/bs2.lt\/?s={search_term_string}\"},\"query-input\":{\"@type\":\"PropertyValueSpecification\",\"valueRequired\":true,\"valueName\":\"search_term_string\"}}],\"inLanguage\":\"lt-LT\"},{\"@type\":\"Organization\",\"@id\":\"https:\/\/bs2.lt\/#organization\",\"name\":\"BS\/2\",\"url\":\"https:\/\/bs2.lt\/\",\"logo\":{\"@type\":\"ImageObject\",\"inLanguage\":\"lt-LT\",\"@id\":\"https:\/\/bs2.lt\/#\/schema\/logo\/image\/\",\"url\":\"https:\/\/bs2.lt\/wp-content\/uploads\/2022\/08\/bs2-logo.svg\",\"contentUrl\":\"https:\/\/bs2.lt\/wp-content\/uploads\/2022\/08\/bs2-logo.svg\",\"width\":100,\"height\":57,\"caption\":\"BS\/2\"},\"image\":{\"@id\":\"https:\/\/bs2.lt\/#\/schema\/logo\/image\/\"},\"sameAs\":[\"https:\/\/www.facebook.com\/bs2solutions\/\",\"https:\/\/www.linkedin.com\/showcase\/bs2solutions\",\"https:\/\/www.youtube.com\/c\/Bs2Lt\"]},{\"@type\":\"Person\",\"@id\":\"https:\/\/bs2.lt\/#\/schema\/person\/8a2bf5e1fd80e23845d5afdecb7dc273\",\"name\":\"admin\",\"image\":{\"@type\":\"ImageObject\",\"inLanguage\":\"lt-LT\",\"@id\":\"https:\/\/bs2.lt\/#\/schema\/person\/image\/\",\"url\":\"https:\/\/secure.gravatar.com\/avatar\/ace191de49b659efc87f5d8e252cadb4b698430261a47e6338131bbaebb2b6c3?s=96&d=mm&r=g\",\"contentUrl\":\"https:\/\/secure.gravatar.com\/avatar\/ace191de49b659efc87f5d8e252cadb4b698430261a47e6338131bbaebb2b6c3?s=96&d=mm&r=g\",\"caption\":\"admin\"}}]}<\/script>\n<!-- \/ Yoast SEO plugin. -->","yoast_head_json":{"title":"Interviu su \u201eWincor Nixdorf\u201c prezidentu E. Heidloffu, publikuotas \u201eB\u00f6rsen-Zeitung\u201c | BS\/2","robots":{"index":"index","follow":"follow","max-snippet":"max-snippet:-1","max-image-preview":"max-image-preview:large","max-video-preview":"max-video-preview:-1"},"canonical":"https:\/\/bs2.lt\/lt\/naujienos-apie-imone\/interviu-su-wincor-nixdorf-prezidentu-e-heidloffu-publikuotas-borsen-zeitung\/","og_locale":"lt_LT","og_type":"article","og_title":"Interviu su \u201eWincor Nixdorf\u201c prezidentu E. Heidloffu, publikuotas \u201eB\u00f6rsen-Zeitung\u201c | BS\/2","og_url":"https:\/\/bs2.lt\/lt\/naujienos-apie-imone\/interviu-su-wincor-nixdorf-prezidentu-e-heidloffu-publikuotas-borsen-zeitung\/","og_site_name":"BS\/2","article_publisher":"https:\/\/www.facebook.com\/bs2solutions\/","article_published_time":"2015-06-17T06:19:45+00:00","article_modified_time":"2021-05-25T06:21:49+00:00","og_image":[{"width":320,"height":249,"url":"https:\/\/bs2.lt\/wp-content\/uploads\/2015\/07\/17062015.jpg","type":"image\/jpeg"}],"author":"admin","twitter_card":"summary_large_image","twitter_misc":{"Written by":"admin","Est. reading time":"6 minut\u0117s"},"schema":{"@context":"https:\/\/schema.org","@graph":[{"@type":"Article","@id":"https:\/\/bs2.lt\/lt\/naujienos-apie-imone\/interviu-su-wincor-nixdorf-prezidentu-e-heidloffu-publikuotas-borsen-zeitung\/#article","isPartOf":{"@id":"https:\/\/bs2.lt\/lt\/naujienos-apie-imone\/interviu-su-wincor-nixdorf-prezidentu-e-heidloffu-publikuotas-borsen-zeitung\/"},"author":{"name":"admin","@id":"https:\/\/bs2.lt\/#\/schema\/person\/8a2bf5e1fd80e23845d5afdecb7dc273"},"headline":"Interviu su \u201eWincor Nixdorf\u201c prezidentu E. Heidloffu, publikuotas \u201eB\u00f6rsen-Zeitung\u201c","datePublished":"2015-06-17T06:19:45+00:00","dateModified":"2021-05-25T06:21:49+00:00","mainEntityOfPage":{"@id":"https:\/\/bs2.lt\/lt\/naujienos-apie-imone\/interviu-su-wincor-nixdorf-prezidentu-e-heidloffu-publikuotas-borsen-zeitung\/"},"wordCount":1366,"publisher":{"@id":"https:\/\/bs2.lt\/#organization"},"image":{"@id":"https:\/\/bs2.lt\/lt\/naujienos-apie-imone\/interviu-su-wincor-nixdorf-prezidentu-e-heidloffu-publikuotas-borsen-zeitung\/#primaryimage"},"thumbnailUrl":"https:\/\/bs2.lt\/wp-content\/uploads\/2015\/07\/17062015.jpg","keywords":["Company","corporatenews"],"articleSection":["Naujienos apie \u012fmon\u0119"],"inLanguage":"lt-LT"},{"@type":"WebPage","@id":"https:\/\/bs2.lt\/lt\/naujienos-apie-imone\/interviu-su-wincor-nixdorf-prezidentu-e-heidloffu-publikuotas-borsen-zeitung\/","url":"https:\/\/bs2.lt\/lt\/naujienos-apie-imone\/interviu-su-wincor-nixdorf-prezidentu-e-heidloffu-publikuotas-borsen-zeitung\/","name":"Interviu su \u201eWincor Nixdorf\u201c prezidentu E. Heidloffu, publikuotas \u201eB\u00f6rsen-Zeitung\u201c | BS\/2","isPartOf":{"@id":"https:\/\/bs2.lt\/#website"},"primaryImageOfPage":{"@id":"https:\/\/bs2.lt\/lt\/naujienos-apie-imone\/interviu-su-wincor-nixdorf-prezidentu-e-heidloffu-publikuotas-borsen-zeitung\/#primaryimage"},"image":{"@id":"https:\/\/bs2.lt\/lt\/naujienos-apie-imone\/interviu-su-wincor-nixdorf-prezidentu-e-heidloffu-publikuotas-borsen-zeitung\/#primaryimage"},"thumbnailUrl":"https:\/\/bs2.lt\/wp-content\/uploads\/2015\/07\/17062015.jpg","datePublished":"2015-06-17T06:19:45+00:00","dateModified":"2021-05-25T06:21:49+00:00","breadcrumb":{"@id":"https:\/\/bs2.lt\/lt\/naujienos-apie-imone\/interviu-su-wincor-nixdorf-prezidentu-e-heidloffu-publikuotas-borsen-zeitung\/#breadcrumb"},"inLanguage":"lt-LT","potentialAction":[{"@type":"ReadAction","target":["https:\/\/bs2.lt\/lt\/naujienos-apie-imone\/interviu-su-wincor-nixdorf-prezidentu-e-heidloffu-publikuotas-borsen-zeitung\/"]}]},{"@type":"ImageObject","inLanguage":"lt-LT","@id":"https:\/\/bs2.lt\/lt\/naujienos-apie-imone\/interviu-su-wincor-nixdorf-prezidentu-e-heidloffu-publikuotas-borsen-zeitung\/#primaryimage","url":"https:\/\/bs2.lt\/wp-content\/uploads\/2015\/07\/17062015.jpg","contentUrl":"https:\/\/bs2.lt\/wp-content\/uploads\/2015\/07\/17062015.jpg","width":320,"height":249},{"@type":"BreadcrumbList","@id":"https:\/\/bs2.lt\/lt\/naujienos-apie-imone\/interviu-su-wincor-nixdorf-prezidentu-e-heidloffu-publikuotas-borsen-zeitung\/#breadcrumb","itemListElement":[{"@type":"ListItem","position":1,"name":"Home","item":"https:\/\/bs2.lt\/lt\/"},{"@type":"ListItem","position":2,"name":"Interviu su \u201eWincor Nixdorf\u201c prezidentu E. Heidloffu, publikuotas \u201eB\u00f6rsen-Zeitung\u201c"}]},{"@type":"WebSite","@id":"https:\/\/bs2.lt\/#website","url":"https:\/\/bs2.lt\/","name":"BS\/2","description":"Banking and retail technology company","publisher":{"@id":"https:\/\/bs2.lt\/#organization"},"potentialAction":[{"@type":"SearchAction","target":{"@type":"EntryPoint","urlTemplate":"https:\/\/bs2.lt\/?s={search_term_string}"},"query-input":{"@type":"PropertyValueSpecification","valueRequired":true,"valueName":"search_term_string"}}],"inLanguage":"lt-LT"},{"@type":"Organization","@id":"https:\/\/bs2.lt\/#organization","name":"BS\/2","url":"https:\/\/bs2.lt\/","logo":{"@type":"ImageObject","inLanguage":"lt-LT","@id":"https:\/\/bs2.lt\/#\/schema\/logo\/image\/","url":"https:\/\/bs2.lt\/wp-content\/uploads\/2022\/08\/bs2-logo.svg","contentUrl":"https:\/\/bs2.lt\/wp-content\/uploads\/2022\/08\/bs2-logo.svg","width":100,"height":57,"caption":"BS\/2"},"image":{"@id":"https:\/\/bs2.lt\/#\/schema\/logo\/image\/"},"sameAs":["https:\/\/www.facebook.com\/bs2solutions\/","https:\/\/www.linkedin.com\/showcase\/bs2solutions","https:\/\/www.youtube.com\/c\/Bs2Lt"]},{"@type":"Person","@id":"https:\/\/bs2.lt\/#\/schema\/person\/8a2bf5e1fd80e23845d5afdecb7dc273","name":"admin","image":{"@type":"ImageObject","inLanguage":"lt-LT","@id":"https:\/\/bs2.lt\/#\/schema\/person\/image\/","url":"https:\/\/secure.gravatar.com\/avatar\/ace191de49b659efc87f5d8e252cadb4b698430261a47e6338131bbaebb2b6c3?s=96&d=mm&r=g","contentUrl":"https:\/\/secure.gravatar.com\/avatar\/ace191de49b659efc87f5d8e252cadb4b698430261a47e6338131bbaebb2b6c3?s=96&d=mm&r=g","caption":"admin"}}]}},"_links":{"self":[{"href":"https:\/\/bs2.lt\/lt\/wp-json\/wp\/v2\/posts\/10918","targetHints":{"allow":["GET"]}}],"collection":[{"href":"https:\/\/bs2.lt\/lt\/wp-json\/wp\/v2\/posts"}],"about":[{"href":"https:\/\/bs2.lt\/lt\/wp-json\/wp\/v2\/types\/post"}],"author":[{"embeddable":true,"href":"https:\/\/bs2.lt\/lt\/wp-json\/wp\/v2\/users\/1"}],"replies":[{"embeddable":true,"href":"https:\/\/bs2.lt\/lt\/wp-json\/wp\/v2\/comments?post=10918"}],"version-history":[{"count":0,"href":"https:\/\/bs2.lt\/lt\/wp-json\/wp\/v2\/posts\/10918\/revisions"}],"wp:featuredmedia":[{"embeddable":true,"href":"https:\/\/bs2.lt\/lt\/wp-json\/wp\/v2\/media\/10908"}],"wp:attachment":[{"href":"https:\/\/bs2.lt\/lt\/wp-json\/wp\/v2\/media?parent=10918"}],"wp:term":[{"taxonomy":"category","embeddable":true,"href":"https:\/\/bs2.lt\/lt\/wp-json\/wp\/v2\/categories?post=10918"},{"taxonomy":"post_tag","embeddable":true,"href":"https:\/\/bs2.lt\/lt\/wp-json\/wp\/v2\/tags?post=10918"},{"taxonomy":"news_author","embeddable":true,"href":"https:\/\/bs2.lt\/lt\/wp-json\/wp\/v2\/news_author?post=10918"}],"curies":[{"name":"wp","href":"https:\/\/api.w.org\/{rel}","templated":true}]}}