{"id":10465,"date":"2015-12-01T05:37:28","date_gmt":"2015-12-01T07:37:28","guid":{"rendered":"https:\/\/bs2.lt\/bs2.lt\/?p=10465"},"modified":"2021-05-19T05:51:57","modified_gmt":"2021-05-19T07:51:57","slug":"azerbaidzane-tarptautine-it-ir-telekomunikaciju-paroda-bakutel","status":"publish","type":"post","link":"https:\/\/bs2.lt\/lt\/naujienos-apie-imone\/azerbaidzane-tarptautine-it-ir-telekomunikaciju-paroda-bakutel\/","title":{"rendered":"Azerbaid\u017eane \u2013 tarptautin\u0117 IT ir telekomunikacij\u0173 paroda \u201eBakutel\u201c"},"content":{"rendered":"<p>Gruod\u017eio 2\u20135 dienomis Azerbaid\u017eano sostin\u0117je Baku vyks tarptautin\u0117 telekomunikacij\u0173 ir informacini\u0173 technologij\u0173 paroda bei konferencija \u201eBakutel 2015\u201c.<!--more--><\/p>\n<p>\u012e 21-\u0105 kart\u0105 rengiam\u0105 parod\u0105 susirenka did\u017eiausi telekomunikacij\u0173 ir IT rinkos atstovai. \u201eBakutel\u201c metu pristatomi telekomunikacij\u0173 ir informacini\u0173 technologij\u0173 pasiekimai, vyksta naujausi\u0173 id\u0117j\u0173 ir projekt\u0173 pristatymai, mezgami nauji verslo kontaktai, kuri\u0173 d\u0117ka jau \u012fsteigta ne viena nauja \u012fmon\u0117.<\/p>\n<p>Parodos temos: telekomunikacija ir ry\u0161iai; pla\u010diajuos\u010dio, belaid\u017eio, palydovinio ry\u0161io technologijos; IT ir biuro technologijos; apsaugos sistemos; bankin\u0117s technologijos ir paslaugos; el. vald\u017eia ir el. technologijos.<\/p>\n<p>Rengin\u012f remia Azerbaid\u017eano Ry\u0161i\u0173 ir auk\u0161t\u0173j\u0173 technologij\u0173 ministerija, tarptautiniai institutai, tarp kuri\u0173: Jungtini\u0173 Taut\u0173 organizacija, Tarptautin\u0117 elektros ry\u0161i\u0173 s\u0105junga, Regionin\u0117 ry\u0161io srities sandrauga ir kt. Parod\u0105 organizuoja \u201eIteca Caspian\u201c ir \u201eCaspian Event Organisers\u201c.<\/p>\n<p>Numatoma, kad \u0161iemet parodoje dalyvaus apie 200 \u012fmoni\u0173 i\u0161 Azerbaid\u017eano, Rusijos, Pranc\u016bzijos, Turkijos, JAV ir kit\u0173 \u0161ali\u0173. 40 proc. dalyvi\u0173 parodoje dalyvauja kasmet. Tai IT \u012fmon\u0117s, Azerbaid\u017eano mobili\u0173j\u0173 ry\u0161i\u0173 operatoriai, interneto tiek\u0117jai, sistem\u0173 integracijos \u012fmon\u0117s,\u00a0pasaulini\u0173 IT\u00a0\u012fmoni\u0173 \u012frangos platintojai.<\/p>\n<p>\u201eBakutel\u201c i\u0161skirtinumas \u2013 plati dalykin\u0117 programa. Daugyb\u0117 susitikim\u0173, forum\u0173, konferencij\u0173 skirta aptarti IT ir telekomunikacij\u0173 tendencijoms pasaulyje ir Azerbaid\u017eane. Renginio lankytoj\u0173 visuomet laukia siurprizai, konkursai ir viktorinos.<\/p>\n<p>Parodoje \u201eBakutel 2015\u201c lankysis ir \u012fmoni\u0173 grup\u0117s \u201ePenki kontinentai\u201c antrin\u0117s bankini\u0173 technologij\u0173 \u012fmon\u0117s\u00a0\u201eBSKom Ltd.\u201c\u00a0atstovai, nuolat besidominantys naujov\u0117mis ir diegiantys jas savo veikloje.<\/p>\n","protected":false},"excerpt":{"rendered":"<p>Gruod\u017eio 2\u20135 dienomis Azerbaid\u017eano sostin\u0117je Baku vyks tarptautin\u0117 telekomunikacij\u0173 ir informacini\u0173 technologij\u0173 paroda bei konferencija \u201eBakutel 2015\u201c.<\/p>\n","protected":false},"author":1,"featured_media":10463,"comment_status":"closed","ping_status":"closed","sticky":false,"template":"","format":"standard","meta":{"_acf_changed":false,"inline_featured_image":false,"footnotes":""},"categories":[18],"tags":[116,117],"news_author":[],"class_list":["post-10465","post","type-post","status-publish","format-standard","has-post-thumbnail","hentry","category-naujienos-apie-imone","tag-company","tag-corporatenews"],"acf":[],"yoast_head":"<!-- This site is optimized with the Yoast SEO plugin v26.2 - https:\/\/yoast.com\/wordpress\/plugins\/seo\/ -->\n<title>Azerbaid\u017eane \u2013 tarptautin\u0117 IT ir telekomunikacij\u0173 paroda \u201eBakutel\u201c | BS\/2<\/title>\n<meta name=\"robots\" content=\"index, follow, max-snippet:-1, max-image-preview:large, max-video-preview:-1\" \/>\n<link rel=\"canonical\" href=\"https:\/\/bs2.lt\/lt\/naujienos-apie-imone\/azerbaidzane-tarptautine-it-ir-telekomunikaciju-paroda-bakutel\/\" \/>\n<meta property=\"og:locale\" content=\"lt_LT\" \/>\n<meta property=\"og:type\" content=\"article\" \/>\n<meta property=\"og:title\" content=\"Azerbaid\u017eane \u2013 tarptautin\u0117 IT ir telekomunikacij\u0173 paroda \u201eBakutel\u201c | BS\/2\" \/>\n<meta property=\"og:description\" content=\"Gruod\u017eio 2\u20135 dienomis Azerbaid\u017eano sostin\u0117je Baku vyks tarptautin\u0117 telekomunikacij\u0173 ir informacini\u0173 technologij\u0173 paroda bei konferencija \u201eBakutel 2015\u201c.\" \/>\n<meta property=\"og:url\" content=\"https:\/\/bs2.lt\/lt\/naujienos-apie-imone\/azerbaidzane-tarptautine-it-ir-telekomunikaciju-paroda-bakutel\/\" \/>\n<meta property=\"og:site_name\" content=\"BS\/2\" \/>\n<meta property=\"article:publisher\" content=\"https:\/\/www.facebook.com\/bs2solutions\/\" \/>\n<meta property=\"article:published_time\" content=\"2015-12-01T07:37:28+00:00\" \/>\n<meta property=\"article:modified_time\" content=\"2021-05-19T07:51:57+00:00\" \/>\n<meta property=\"og:image\" content=\"https:\/\/bs2.lt\/wp-content\/uploads\/2021\/05\/01122015.jpg\" \/>\n\t<meta property=\"og:image:width\" content=\"410\" \/>\n\t<meta property=\"og:image:height\" content=\"307\" \/>\n\t<meta property=\"og:image:type\" content=\"image\/jpeg\" \/>\n<meta name=\"author\" content=\"admin\" \/>\n<meta name=\"twitter:card\" content=\"summary_large_image\" \/>\n<meta name=\"twitter:label1\" content=\"Written by\" \/>\n\t<meta name=\"twitter:data1\" content=\"admin\" \/>\n\t<meta name=\"twitter:label2\" content=\"Est. reading time\" \/>\n\t<meta name=\"twitter:data2\" content=\"1 minut\u0117\" \/>\n<script type=\"application\/ld+json\" class=\"yoast-schema-graph\">{\"@context\":\"https:\/\/schema.org\",\"@graph\":[{\"@type\":\"Article\",\"@id\":\"https:\/\/bs2.lt\/lt\/naujienos-apie-imone\/azerbaidzane-tarptautine-it-ir-telekomunikaciju-paroda-bakutel\/#article\",\"isPartOf\":{\"@id\":\"https:\/\/bs2.lt\/lt\/naujienos-apie-imone\/azerbaidzane-tarptautine-it-ir-telekomunikaciju-paroda-bakutel\/\"},\"author\":{\"name\":\"admin\",\"@id\":\"https:\/\/bs2.lt\/#\/schema\/person\/8a2bf5e1fd80e23845d5afdecb7dc273\"},\"headline\":\"Azerbaid\u017eane \u2013 tarptautin\u0117 IT ir telekomunikacij\u0173 paroda \u201eBakutel\u201c\",\"datePublished\":\"2015-12-01T07:37:28+00:00\",\"dateModified\":\"2021-05-19T07:51:57+00:00\",\"mainEntityOfPage\":{\"@id\":\"https:\/\/bs2.lt\/lt\/naujienos-apie-imone\/azerbaidzane-tarptautine-it-ir-telekomunikaciju-paroda-bakutel\/\"},\"wordCount\":239,\"publisher\":{\"@id\":\"https:\/\/bs2.lt\/#organization\"},\"image\":{\"@id\":\"https:\/\/bs2.lt\/lt\/naujienos-apie-imone\/azerbaidzane-tarptautine-it-ir-telekomunikaciju-paroda-bakutel\/#primaryimage\"},\"thumbnailUrl\":\"https:\/\/bs2.lt\/wp-content\/uploads\/2021\/05\/01122015.jpg\",\"keywords\":[\"Company\",\"corporatenews\"],\"articleSection\":[\"Naujienos apie \u012fmon\u0119\"],\"inLanguage\":\"lt-LT\"},{\"@type\":\"WebPage\",\"@id\":\"https:\/\/bs2.lt\/lt\/naujienos-apie-imone\/azerbaidzane-tarptautine-it-ir-telekomunikaciju-paroda-bakutel\/\",\"url\":\"https:\/\/bs2.lt\/lt\/naujienos-apie-imone\/azerbaidzane-tarptautine-it-ir-telekomunikaciju-paroda-bakutel\/\",\"name\":\"Azerbaid\u017eane \u2013 tarptautin\u0117 IT ir telekomunikacij\u0173 paroda \u201eBakutel\u201c | BS\/2\",\"isPartOf\":{\"@id\":\"https:\/\/bs2.lt\/#website\"},\"primaryImageOfPage\":{\"@id\":\"https:\/\/bs2.lt\/lt\/naujienos-apie-imone\/azerbaidzane-tarptautine-it-ir-telekomunikaciju-paroda-bakutel\/#primaryimage\"},\"image\":{\"@id\":\"https:\/\/bs2.lt\/lt\/naujienos-apie-imone\/azerbaidzane-tarptautine-it-ir-telekomunikaciju-paroda-bakutel\/#primaryimage\"},\"thumbnailUrl\":\"https:\/\/bs2.lt\/wp-content\/uploads\/2021\/05\/01122015.jpg\",\"datePublished\":\"2015-12-01T07:37:28+00:00\",\"dateModified\":\"2021-05-19T07:51:57+00:00\",\"breadcrumb\":{\"@id\":\"https:\/\/bs2.lt\/lt\/naujienos-apie-imone\/azerbaidzane-tarptautine-it-ir-telekomunikaciju-paroda-bakutel\/#breadcrumb\"},\"inLanguage\":\"lt-LT\",\"potentialAction\":[{\"@type\":\"ReadAction\",\"target\":[\"https:\/\/bs2.lt\/lt\/naujienos-apie-imone\/azerbaidzane-tarptautine-it-ir-telekomunikaciju-paroda-bakutel\/\"]}]},{\"@type\":\"ImageObject\",\"inLanguage\":\"lt-LT\",\"@id\":\"https:\/\/bs2.lt\/lt\/naujienos-apie-imone\/azerbaidzane-tarptautine-it-ir-telekomunikaciju-paroda-bakutel\/#primaryimage\",\"url\":\"https:\/\/bs2.lt\/wp-content\/uploads\/2021\/05\/01122015.jpg\",\"contentUrl\":\"https:\/\/bs2.lt\/wp-content\/uploads\/2021\/05\/01122015.jpg\",\"width\":410,\"height\":307},{\"@type\":\"BreadcrumbList\",\"@id\":\"https:\/\/bs2.lt\/lt\/naujienos-apie-imone\/azerbaidzane-tarptautine-it-ir-telekomunikaciju-paroda-bakutel\/#breadcrumb\",\"itemListElement\":[{\"@type\":\"ListItem\",\"position\":1,\"name\":\"Home\",\"item\":\"https:\/\/bs2.lt\/lt\/\"},{\"@type\":\"ListItem\",\"position\":2,\"name\":\"Azerbaid\u017eane \u2013 tarptautin\u0117 IT ir telekomunikacij\u0173 paroda \u201eBakutel\u201c\"}]},{\"@type\":\"WebSite\",\"@id\":\"https:\/\/bs2.lt\/#website\",\"url\":\"https:\/\/bs2.lt\/\",\"name\":\"BS\/2\",\"description\":\"Banking and retail technology company\",\"publisher\":{\"@id\":\"https:\/\/bs2.lt\/#organization\"},\"potentialAction\":[{\"@type\":\"SearchAction\",\"target\":{\"@type\":\"EntryPoint\",\"urlTemplate\":\"https:\/\/bs2.lt\/?s={search_term_string}\"},\"query-input\":{\"@type\":\"PropertyValueSpecification\",\"valueRequired\":true,\"valueName\":\"search_term_string\"}}],\"inLanguage\":\"lt-LT\"},{\"@type\":\"Organization\",\"@id\":\"https:\/\/bs2.lt\/#organization\",\"name\":\"BS\/2\",\"url\":\"https:\/\/bs2.lt\/\",\"logo\":{\"@type\":\"ImageObject\",\"inLanguage\":\"lt-LT\",\"@id\":\"https:\/\/bs2.lt\/#\/schema\/logo\/image\/\",\"url\":\"https:\/\/bs2.lt\/wp-content\/uploads\/2022\/08\/bs2-logo.svg\",\"contentUrl\":\"https:\/\/bs2.lt\/wp-content\/uploads\/2022\/08\/bs2-logo.svg\",\"width\":100,\"height\":57,\"caption\":\"BS\/2\"},\"image\":{\"@id\":\"https:\/\/bs2.lt\/#\/schema\/logo\/image\/\"},\"sameAs\":[\"https:\/\/www.facebook.com\/bs2solutions\/\",\"https:\/\/www.linkedin.com\/showcase\/bs2solutions\",\"https:\/\/www.youtube.com\/c\/Bs2Lt\"]},{\"@type\":\"Person\",\"@id\":\"https:\/\/bs2.lt\/#\/schema\/person\/8a2bf5e1fd80e23845d5afdecb7dc273\",\"name\":\"admin\",\"image\":{\"@type\":\"ImageObject\",\"inLanguage\":\"lt-LT\",\"@id\":\"https:\/\/bs2.lt\/#\/schema\/person\/image\/\",\"url\":\"https:\/\/secure.gravatar.com\/avatar\/ace191de49b659efc87f5d8e252cadb4b698430261a47e6338131bbaebb2b6c3?s=96&d=mm&r=g\",\"contentUrl\":\"https:\/\/secure.gravatar.com\/avatar\/ace191de49b659efc87f5d8e252cadb4b698430261a47e6338131bbaebb2b6c3?s=96&d=mm&r=g\",\"caption\":\"admin\"}}]}<\/script>\n<!-- \/ Yoast SEO plugin. -->","yoast_head_json":{"title":"Azerbaid\u017eane \u2013 tarptautin\u0117 IT ir telekomunikacij\u0173 paroda \u201eBakutel\u201c | BS\/2","robots":{"index":"index","follow":"follow","max-snippet":"max-snippet:-1","max-image-preview":"max-image-preview:large","max-video-preview":"max-video-preview:-1"},"canonical":"https:\/\/bs2.lt\/lt\/naujienos-apie-imone\/azerbaidzane-tarptautine-it-ir-telekomunikaciju-paroda-bakutel\/","og_locale":"lt_LT","og_type":"article","og_title":"Azerbaid\u017eane \u2013 tarptautin\u0117 IT ir telekomunikacij\u0173 paroda \u201eBakutel\u201c | BS\/2","og_description":"Gruod\u017eio 2\u20135 dienomis Azerbaid\u017eano sostin\u0117je Baku vyks tarptautin\u0117 telekomunikacij\u0173 ir informacini\u0173 technologij\u0173 paroda bei konferencija \u201eBakutel 2015\u201c.","og_url":"https:\/\/bs2.lt\/lt\/naujienos-apie-imone\/azerbaidzane-tarptautine-it-ir-telekomunikaciju-paroda-bakutel\/","og_site_name":"BS\/2","article_publisher":"https:\/\/www.facebook.com\/bs2solutions\/","article_published_time":"2015-12-01T07:37:28+00:00","article_modified_time":"2021-05-19T07:51:57+00:00","og_image":[{"width":410,"height":307,"url":"https:\/\/bs2.lt\/wp-content\/uploads\/2021\/05\/01122015.jpg","type":"image\/jpeg"}],"author":"admin","twitter_card":"summary_large_image","twitter_misc":{"Written by":"admin","Est. reading time":"1 minut\u0117"},"schema":{"@context":"https:\/\/schema.org","@graph":[{"@type":"Article","@id":"https:\/\/bs2.lt\/lt\/naujienos-apie-imone\/azerbaidzane-tarptautine-it-ir-telekomunikaciju-paroda-bakutel\/#article","isPartOf":{"@id":"https:\/\/bs2.lt\/lt\/naujienos-apie-imone\/azerbaidzane-tarptautine-it-ir-telekomunikaciju-paroda-bakutel\/"},"author":{"name":"admin","@id":"https:\/\/bs2.lt\/#\/schema\/person\/8a2bf5e1fd80e23845d5afdecb7dc273"},"headline":"Azerbaid\u017eane \u2013 tarptautin\u0117 IT ir telekomunikacij\u0173 paroda \u201eBakutel\u201c","datePublished":"2015-12-01T07:37:28+00:00","dateModified":"2021-05-19T07:51:57+00:00","mainEntityOfPage":{"@id":"https:\/\/bs2.lt\/lt\/naujienos-apie-imone\/azerbaidzane-tarptautine-it-ir-telekomunikaciju-paroda-bakutel\/"},"wordCount":239,"publisher":{"@id":"https:\/\/bs2.lt\/#organization"},"image":{"@id":"https:\/\/bs2.lt\/lt\/naujienos-apie-imone\/azerbaidzane-tarptautine-it-ir-telekomunikaciju-paroda-bakutel\/#primaryimage"},"thumbnailUrl":"https:\/\/bs2.lt\/wp-content\/uploads\/2021\/05\/01122015.jpg","keywords":["Company","corporatenews"],"articleSection":["Naujienos apie \u012fmon\u0119"],"inLanguage":"lt-LT"},{"@type":"WebPage","@id":"https:\/\/bs2.lt\/lt\/naujienos-apie-imone\/azerbaidzane-tarptautine-it-ir-telekomunikaciju-paroda-bakutel\/","url":"https:\/\/bs2.lt\/lt\/naujienos-apie-imone\/azerbaidzane-tarptautine-it-ir-telekomunikaciju-paroda-bakutel\/","name":"Azerbaid\u017eane \u2013 tarptautin\u0117 IT ir telekomunikacij\u0173 paroda \u201eBakutel\u201c | BS\/2","isPartOf":{"@id":"https:\/\/bs2.lt\/#website"},"primaryImageOfPage":{"@id":"https:\/\/bs2.lt\/lt\/naujienos-apie-imone\/azerbaidzane-tarptautine-it-ir-telekomunikaciju-paroda-bakutel\/#primaryimage"},"image":{"@id":"https:\/\/bs2.lt\/lt\/naujienos-apie-imone\/azerbaidzane-tarptautine-it-ir-telekomunikaciju-paroda-bakutel\/#primaryimage"},"thumbnailUrl":"https:\/\/bs2.lt\/wp-content\/uploads\/2021\/05\/01122015.jpg","datePublished":"2015-12-01T07:37:28+00:00","dateModified":"2021-05-19T07:51:57+00:00","breadcrumb":{"@id":"https:\/\/bs2.lt\/lt\/naujienos-apie-imone\/azerbaidzane-tarptautine-it-ir-telekomunikaciju-paroda-bakutel\/#breadcrumb"},"inLanguage":"lt-LT","potentialAction":[{"@type":"ReadAction","target":["https:\/\/bs2.lt\/lt\/naujienos-apie-imone\/azerbaidzane-tarptautine-it-ir-telekomunikaciju-paroda-bakutel\/"]}]},{"@type":"ImageObject","inLanguage":"lt-LT","@id":"https:\/\/bs2.lt\/lt\/naujienos-apie-imone\/azerbaidzane-tarptautine-it-ir-telekomunikaciju-paroda-bakutel\/#primaryimage","url":"https:\/\/bs2.lt\/wp-content\/uploads\/2021\/05\/01122015.jpg","contentUrl":"https:\/\/bs2.lt\/wp-content\/uploads\/2021\/05\/01122015.jpg","width":410,"height":307},{"@type":"BreadcrumbList","@id":"https:\/\/bs2.lt\/lt\/naujienos-apie-imone\/azerbaidzane-tarptautine-it-ir-telekomunikaciju-paroda-bakutel\/#breadcrumb","itemListElement":[{"@type":"ListItem","position":1,"name":"Home","item":"https:\/\/bs2.lt\/lt\/"},{"@type":"ListItem","position":2,"name":"Azerbaid\u017eane \u2013 tarptautin\u0117 IT ir telekomunikacij\u0173 paroda \u201eBakutel\u201c"}]},{"@type":"WebSite","@id":"https:\/\/bs2.lt\/#website","url":"https:\/\/bs2.lt\/","name":"BS\/2","description":"Banking and retail technology company","publisher":{"@id":"https:\/\/bs2.lt\/#organization"},"potentialAction":[{"@type":"SearchAction","target":{"@type":"EntryPoint","urlTemplate":"https:\/\/bs2.lt\/?s={search_term_string}"},"query-input":{"@type":"PropertyValueSpecification","valueRequired":true,"valueName":"search_term_string"}}],"inLanguage":"lt-LT"},{"@type":"Organization","@id":"https:\/\/bs2.lt\/#organization","name":"BS\/2","url":"https:\/\/bs2.lt\/","logo":{"@type":"ImageObject","inLanguage":"lt-LT","@id":"https:\/\/bs2.lt\/#\/schema\/logo\/image\/","url":"https:\/\/bs2.lt\/wp-content\/uploads\/2022\/08\/bs2-logo.svg","contentUrl":"https:\/\/bs2.lt\/wp-content\/uploads\/2022\/08\/bs2-logo.svg","width":100,"height":57,"caption":"BS\/2"},"image":{"@id":"https:\/\/bs2.lt\/#\/schema\/logo\/image\/"},"sameAs":["https:\/\/www.facebook.com\/bs2solutions\/","https:\/\/www.linkedin.com\/showcase\/bs2solutions","https:\/\/www.youtube.com\/c\/Bs2Lt"]},{"@type":"Person","@id":"https:\/\/bs2.lt\/#\/schema\/person\/8a2bf5e1fd80e23845d5afdecb7dc273","name":"admin","image":{"@type":"ImageObject","inLanguage":"lt-LT","@id":"https:\/\/bs2.lt\/#\/schema\/person\/image\/","url":"https:\/\/secure.gravatar.com\/avatar\/ace191de49b659efc87f5d8e252cadb4b698430261a47e6338131bbaebb2b6c3?s=96&d=mm&r=g","contentUrl":"https:\/\/secure.gravatar.com\/avatar\/ace191de49b659efc87f5d8e252cadb4b698430261a47e6338131bbaebb2b6c3?s=96&d=mm&r=g","caption":"admin"}}]}},"_links":{"self":[{"href":"https:\/\/bs2.lt\/lt\/wp-json\/wp\/v2\/posts\/10465","targetHints":{"allow":["GET"]}}],"collection":[{"href":"https:\/\/bs2.lt\/lt\/wp-json\/wp\/v2\/posts"}],"about":[{"href":"https:\/\/bs2.lt\/lt\/wp-json\/wp\/v2\/types\/post"}],"author":[{"embeddable":true,"href":"https:\/\/bs2.lt\/lt\/wp-json\/wp\/v2\/users\/1"}],"replies":[{"embeddable":true,"href":"https:\/\/bs2.lt\/lt\/wp-json\/wp\/v2\/comments?post=10465"}],"version-history":[{"count":0,"href":"https:\/\/bs2.lt\/lt\/wp-json\/wp\/v2\/posts\/10465\/revisions"}],"wp:featuredmedia":[{"embeddable":true,"href":"https:\/\/bs2.lt\/lt\/wp-json\/wp\/v2\/media\/10463"}],"wp:attachment":[{"href":"https:\/\/bs2.lt\/lt\/wp-json\/wp\/v2\/media?parent=10465"}],"wp:term":[{"taxonomy":"category","embeddable":true,"href":"https:\/\/bs2.lt\/lt\/wp-json\/wp\/v2\/categories?post=10465"},{"taxonomy":"post_tag","embeddable":true,"href":"https:\/\/bs2.lt\/lt\/wp-json\/wp\/v2\/tags?post=10465"},{"taxonomy":"news_author","embeddable":true,"href":"https:\/\/bs2.lt\/lt\/wp-json\/wp\/v2\/news_author?post=10465"}],"curies":[{"name":"wp","href":"https:\/\/api.w.org\/{rel}","templated":true}]}}